{"id":2594,"global_id":"kulturinitiative-melk.at?id=2594","global_id_lineage":["kulturinitiative-melk.at?id=2594"],"author":"3","status":"publish","date":"2026-08-20 21:07:12","date_utc":"2026-08-20 19:07:12","modified":"2026-08-20 21:07:12","modified_utc":"2026-08-20 19:07:12","url":"https:\/\/kulturinitiative-melk.at\/?tribe_events=jakob-prandtauer-wussten-sie-dass","rest_url":"https:\/\/kulturinitiative-melk.at\/index.php?rest_route=\/tribe\/events\/v1\/events\/2594","title":"JAKOB PRANDTAUER \u2013 WUSSTEN SIE, DASS \u2026?","description":"<h3>Kuriose und \u00fcberraschende Fakten rund um den ber\u00fchmten Barockbaumeister<\/h3>\n<p class=\"isSelectedEnd\"><strong>Mag. Margit List-Berg, MA<\/strong> l\u00e4dt im Rahmen der Veranstaltungsreihe <strong>\u201eMal Reinh\u00f6ren\u201c<\/strong> zu einem unterhaltsamen und informativen Abend \u00fcber den Barockarchitekten Jakob Prandtauer ein.<\/p>\n<p class=\"isSelectedEnd\">Am <strong>7. Oktober 2026 um 19:00 Uhr<\/strong> erz\u00e4hlt Margit List-Berg im <strong>Alten Museum<\/strong> von \u00fcberraschenden, kuriosen und weniger bekannten Geschichten rund um den bedeutenden Baumeister. Dabei gibt es so manches \u00fcber Jakob Prandtauer zu erfahren, das man vielleicht noch nicht wusste.<\/p>\n<p class=\"isSelectedEnd\">Jakob Prandtauer (1660\u20131726) z\u00e4hlt zu den bedeutendsten Baumeistern des \u00f6sterreichischen Barock. Sein Name ist untrennbar mit <strong>Melk<\/strong> verbunden: Mit dem Neubau des <strong>Stiftes Melk<\/strong> schuf er eines der herausragenden Bauwerke des europ\u00e4ischen Barock. Ab 1702 plante und leitete er den monumentalen Neubau des Benediktinerstiftes, der nach seinem Tod von seinem Neffen <strong>Joseph Munggenast<\/strong> vollendet wurde.<\/p>\n<p class=\"isSelectedEnd\">Doch Prandtauer hinterlie\u00df auch an zahlreichen anderen Orten in Nieder\u00f6sterreich und dar\u00fcber hinaus seine Spuren. Kirchen, Kl\u00f6ster und repr\u00e4sentative Bauwerke zeugen noch heute von seinem au\u00dfergew\u00f6hnlichen architektonischen K\u00f6nnen und seiner Bedeutung f\u00fcr die barocke Baukunst.<\/p>\n<p class=\"isSelectedEnd\"><strong>Ort:<\/strong> Altes Museum<br \/>\n<strong>Zeit:<\/strong> 7. Oktober 2026, 19:00 Uhr<br \/>\n<strong>Eintritt:<\/strong> freiwillige Spende<\/p>\n<p>Das Platzangebot ist begrenzt. Eine Platzreservierung im Vorfeld ist nicht m\u00f6glich.<\/p>","excerpt":"","slug":"jakob-prandtauer-wussten-sie-dass","image":{"url":"https:\/\/kulturinitiative-melk.at\/wp-content\/uploads\/2026\/08\/jakob_prandtauer.jpg","id":2592,"extension":"jpg","width":750,"height":1290,"filesize":109210,"sizes":{"medium":{"width":174,"height":300,"mime-type":"image\/jpeg","filesize":8353,"url":"https:\/\/kulturinitiative-melk.at\/wp-content\/uploads\/2026\/08\/jakob_prandtauer-174x300.jpg"},"large":{"width":595,"height":1024,"mime-type":"image\/jpeg","filesize":74537,"url":"https:\/\/kulturinitiative-melk.at\/wp-content\/uploads\/2026\/08\/jakob_prandtauer-595x1024.jpg"},"thumbnail":{"width":150,"height":150,"mime-type":"image\/jpeg","filesize":4473,"url":"https:\/\/kulturinitiative-melk.at\/wp-content\/uploads\/2026\/08\/jakob_prandtauer-150x150.jpg"},"screenr-blog-grid-small":{"width":350,"height":200,"mime-type":"image\/jpeg","filesize":10977,"url":"https:\/\/kulturinitiative-melk.at\/wp-content\/uploads\/2026\/08\/jakob_prandtauer-350x200.jpg"},"screenr-blog-grid":{"width":540,"height":300,"mime-type":"image\/jpeg","filesize":23067,"url":"https:\/\/kulturinitiative-melk.at\/wp-content\/uploads\/2026\/08\/jakob_prandtauer-540x300.jpg"},"screenr-blog-list":{"width":750,"height":400,"mime-type":"image\/jpeg","filesize":43508,"url":"https:\/\/kulturinitiative-melk.at\/wp-content\/uploads\/2026\/08\/jakob_prandtauer-750x400.jpg"},"screenr-service-small":{"width":538,"height":280,"mime-type":"image\/jpeg","filesize":21541,"url":"https:\/\/kulturinitiative-melk.at\/wp-content\/uploads\/2026\/08\/jakob_prandtauer-538x280.jpg"},"screenr-thumbnail-team":{"width":340,"height":220,"mime-type":"image\/jpeg","filesize":11731,"url":"https:\/\/kulturinitiative-melk.at\/wp-content\/uploads\/2026\/08\/jakob_prandtauer-340x220.jpg"}}},"all_day":false,"start_date":"2026-10-07 19:00:00","start_date_details":{"year":"2026","month":"10","day":"07","hour":"19","minutes":"00","seconds":"00"},"end_date":"2026-10-07 20:30:00","end_date_details":{"year":"2026","month":"10","day":"07","hour":"20","minutes":"30","seconds":"00"},"utc_start_date":"2026-10-07 17:00:00","utc_start_date_details":{"year":"2026","month":"10","day":"07","hour":"17","minutes":"00","seconds":"00"},"utc_end_date":"2026-10-07 18:30:00","utc_end_date_details":{"year":"2026","month":"10","day":"07","hour":"18","minutes":"30","seconds":"00"},"timezone":"Europe\/Vienna","timezone_abbr":"CEST","cost":"","cost_details":{"currency_symbol":"$","currency_code":"USD","currency_position":"prefix","values":[]},"website":"","show_map":true,"show_map_link":true,"hide_from_listings":false,"sticky":false,"featured":false,"categories":[],"tags":[],"venue":{"id":2551,"author":"3","status":"publish","date":"2026-05-04 15:20:54","date_utc":"2026-05-04 13:20:54","modified":"2026-05-04 15:20:54","modified_utc":"2026-05-04 13:20:54","url":"https:\/\/kulturinitiative-melk.at\/?tribe_venue=ehemaliges-stadtmuseum","venue":"Ehemaliges Stadtmuseum","slug":"ehemaliges-stadtmuseum","address":"Linzerstra\u00dfe 5","city":"Melk","country":"Austria","zip":"3390","json_ld":{"@type":"Place","name":"Ehemaliges Stadtmuseum","description":"","url":"","address":{"@type":"PostalAddress","streetAddress":"Linzerstra\u00dfe 5","addressLocality":"Melk","postalCode":"3390","addressCountry":"Austria"},"telephone":"","sameAs":""},"show_map":false,"show_map_link":false,"global_id":"kulturinitiative-melk.at?id=2551","global_id_lineage":["kulturinitiative-melk.at?id=2551"]},"organizer":[],"custom_fields":[],"json_ld":{"@context":"http:\/\/schema.org","@type":"Event","name":"JAKOB PRANDTAUER \u2013 WUSSTEN SIE, DASS \u2026?","description":"&lt;p&gt;Kuriose und \u00fcberraschende Fakten rund um den ber\u00fchmten Barockbaumeister Mag. Margit List-Berg, MA l\u00e4dt im Rahmen der Veranstaltungsreihe \u201eMal Reinh\u00f6ren\u201c zu einem unterhaltsamen und informativen Abend \u00fcber den Barockarchitekten Jakob Prandtauer ein. Am 7. Oktober 2026 um 19:00 Uhr erz\u00e4hlt Margit List-Berg im Alten Museum von \u00fcberraschenden, kuriosen und weniger...&lt;\/p&gt;\\n","image":"https:\/\/kulturinitiative-melk.at\/wp-content\/uploads\/2026\/08\/jakob_prandtauer.jpg","url":"https:\/\/kulturinitiative-melk.at\/?tribe_events=jakob-prandtauer-wussten-sie-dass","eventAttendanceMode":"https:\/\/schema.org\/OfflineEventAttendanceMode","eventStatus":"https:\/\/schema.org\/EventScheduled","startDate":"2026-10-07T19:00:00+02:00","endDate":"2026-10-07T20:30:00+02:00","location":{"@type":"Place","name":"Ehemaliges Stadtmuseum","description":"","url":"","address":{"@type":"PostalAddress","streetAddress":"Linzerstra\u00dfe 5","addressLocality":"Melk","postalCode":"3390","addressCountry":"Austria"},"telephone":"","sameAs":""},"performer":"Organization"}}