{"id":2583,"global_id":"kulturinitiative-melk.at?id=2583","global_id_lineage":["kulturinitiative-melk.at?id=2583"],"author":"3","status":"publish","date":"2026-08-20 20:24:36","date_utc":"2026-08-20 18:24:36","modified":"2026-08-31 15:08:29","modified_utc":"2026-08-31 13:08:29","url":"https:\/\/kulturinitiative-melk.at\/?tribe_events=mal-reinhoeren-ich-fuerchte-mich-so-vor-der-menschen-wort","rest_url":"https:\/\/kulturinitiative-melk.at\/index.php?rest_route=\/tribe\/events\/v1\/events\/2583","title":"MAL Reinh\u00f6ren \u2013 \u201eIch f\u00fcrchte mich so vor der Menschen Wort \u2026\u201c","description":"<h1 class=\"wp-block-heading\">Rainer Maria Rilke zum 100. Todestag<\/h1>\r\n<p>&nbsp;<\/p>\r\n<p>&nbsp;<\/p>\r\n<p><a href=\"https:\/\/kulturinitiative-melk.at\/?attachment_id=2599\" rel=\"attachment wp-att-2599\"><img loading=\"lazy\" decoding=\"async\" class=\"alignnone  wp-image-2599\" src=\"https:\/\/kulturinitiative-melk.at\/wp-content\/uploads\/2026\/08\/Rilkelesung2-211x300.jpg\" alt=\"\" width=\"631\" height=\"896\" \/><\/a><\/p>\r\n<h1 class=\"wp-block-heading\">\u00a0<\/h1>\r\n\r\n\r\n\r\n<p class=\"wp-block-paragraph\">Rainer Maria Rilke wurde am 4. Dezember 1875 in Prag, \u00d6sterreich-Ungarn, geboren und verstarb am 29. Dezember 1926 in Montreux, Schweiz.<\/p>\r\n\r\n\r\n\r\n<p class=\"wp-block-paragraph\">Er z\u00e4hlt zu den bedeutendsten deutschsprachigen Lyrikern und gilt als einer der pr\u00e4genden Autoren der literarischen Moderne. Mit der <strong>\u201eWeise von Liebe und Tod des Cornets Christoph Rilke\u201c<\/strong> erlangte er bereits zu Lebzeiten gro\u00dfe Bekanntheit. Sein umfangreiches Werk umfasst neben Lyrik und Prosa auch Briefe, Aufs\u00e4tze zu Kunst und Kultur sowie zahlreiche \u00dcbersetzungen franz\u00f6sischer Lyrik, insbesondere von Paul Verlaine und Paul Val\u00e9ry.<\/p>\r\n\r\n\r\n\r\n<p class=\"wp-block-paragraph\">Anl\u00e4sslich seines 100. Todestages laden <strong>August Br\u00fcckler und Gottfried M\u00fcllschitzky<\/strong> zu einer literarischen Reise durch den Kosmos Rilkes ein. In einer Lesung begegnen uns zentrale Themen seines Schaffens: <strong>Natur und Umwelt, Liebe, Verg\u00e4nglichkeit, Religion und Spiritualit\u00e4t.<\/strong><\/p>\r\n\r\n\r\n\r\n<p class=\"wp-block-paragraph\"><strong>Zeit:<\/strong> 9. September 2026, 19 Uhr <strong>Ort:<\/strong> Altes Museum, Linzer Stra\u00dfe 5<\/p>\r\n\r\n\r\n\r\n<p class=\"wp-block-paragraph\">Das Platzangebot ist begrenzt. Eine Reservierung im Vorfeld ist nicht m\u00f6glich.<\/p>\r\n\r\n\r\n\r\n<p class=\"wp-block-paragraph\">Der Reinerl\u00f6s der Veranstaltung kommt als Spende einem Sozialprojekt zugute. \u00a0<\/p>\r\n<p><a href=\"https:\/\/kulturinitiative-melk.at\/?attachment_id=2580\" rel=\"attachment wp-att-2580\"><img loading=\"lazy\" decoding=\"async\" class=\"alignnone size-medium wp-image-2580\" src=\"https:\/\/kulturinitiative-melk.at\/wp-content\/uploads\/2026\/08\/rilke_Foto-231x300.jpg\" alt=\"\" width=\"231\" height=\"300\" srcset=\"https:\/\/kulturinitiative-melk.at\/wp-content\/uploads\/2026\/08\/rilke_Foto-231x300.jpg 231w, https:\/\/kulturinitiative-melk.at\/wp-content\/uploads\/2026\/08\/rilke_Foto-768x997.jpg 768w, https:\/\/kulturinitiative-melk.at\/wp-content\/uploads\/2026\/08\/rilke_Foto.jpg 770w\" sizes=\"auto, (max-width: 231px) 100vw, 231px\" \/><\/a><\/p>\r\n<p>&nbsp;<\/p>","excerpt":"","slug":"mal-reinhoeren-ich-fuerchte-mich-so-vor-der-menschen-wort","image":{"url":"https:\/\/kulturinitiative-melk.at\/wp-content\/uploads\/2026\/08\/Rilkelesung_1.jpg","id":2597,"extension":"jpg","width":1080,"height":1477,"filesize":186841,"sizes":{"thumbnail":{"width":150,"height":150,"mime-type":"image\/jpeg","filesize":6121,"url":"https:\/\/kulturinitiative-melk.at\/wp-content\/uploads\/2026\/08\/Rilkelesung_1-150x150.jpg"},"medium":{"width":220,"height":300,"mime-type":"image\/jpeg","filesize":13820,"url":"https:\/\/kulturinitiative-melk.at\/wp-content\/uploads\/2026\/08\/Rilkelesung_1-220x300.jpg"},"medium_large":{"width":768,"height":1050,"mime-type":"image\/jpeg","filesize":77498,"url":"https:\/\/kulturinitiative-melk.at\/wp-content\/uploads\/2026\/08\/Rilkelesung_1-768x1050.jpg"},"large":{"width":749,"height":1024,"mime-type":"image\/jpeg","filesize":74460,"url":"https:\/\/kulturinitiative-melk.at\/wp-content\/uploads\/2026\/08\/Rilkelesung_1-749x1024.jpg"},"screenr-blog-grid-small":{"width":350,"height":200,"mime-type":"image\/jpeg","filesize":15042,"url":"https:\/\/kulturinitiative-melk.at\/wp-content\/uploads\/2026\/08\/Rilkelesung_1-350x200.jpg"},"screenr-blog-grid":{"width":540,"height":300,"mime-type":"image\/jpeg","filesize":25740,"url":"https:\/\/kulturinitiative-melk.at\/wp-content\/uploads\/2026\/08\/Rilkelesung_1-540x300.jpg"},"screenr-blog-list":{"width":790,"height":400,"mime-type":"image\/jpeg","filesize":38232,"url":"https:\/\/kulturinitiative-melk.at\/wp-content\/uploads\/2026\/08\/Rilkelesung_1-790x400.jpg"},"screenr-service-small":{"width":538,"height":280,"mime-type":"image\/jpeg","filesize":24292,"url":"https:\/\/kulturinitiative-melk.at\/wp-content\/uploads\/2026\/08\/Rilkelesung_1-538x280.jpg"},"screenr-thumbnail-team":{"width":340,"height":220,"mime-type":"image\/jpeg","filesize":16239,"url":"https:\/\/kulturinitiative-melk.at\/wp-content\/uploads\/2026\/08\/Rilkelesung_1-340x220.jpg"}}},"all_day":false,"start_date":"2026-09-09 19:00:00","start_date_details":{"year":"2026","month":"09","day":"09","hour":"19","minutes":"00","seconds":"00"},"end_date":"2026-09-09 20:30:00","end_date_details":{"year":"2026","month":"09","day":"09","hour":"20","minutes":"30","seconds":"00"},"utc_start_date":"2026-09-09 17:00:00","utc_start_date_details":{"year":"2026","month":"09","day":"09","hour":"17","minutes":"00","seconds":"00"},"utc_end_date":"2026-09-09 18:30:00","utc_end_date_details":{"year":"2026","month":"09","day":"09","hour":"18","minutes":"30","seconds":"00"},"timezone":"Europe\/Vienna","timezone_abbr":"CEST","cost":"","cost_details":{"currency_symbol":"$","currency_code":"USD","currency_position":"prefix","values":[]},"website":"","show_map":true,"show_map_link":true,"hide_from_listings":false,"sticky":false,"featured":false,"categories":[],"tags":[],"venue":{"id":2551,"author":"3","status":"publish","date":"2026-05-04 15:20:54","date_utc":"2026-05-04 13:20:54","modified":"2026-05-04 15:20:54","modified_utc":"2026-05-04 13:20:54","url":"https:\/\/kulturinitiative-melk.at\/?tribe_venue=ehemaliges-stadtmuseum","venue":"Ehemaliges Stadtmuseum","slug":"ehemaliges-stadtmuseum","address":"Linzerstra\u00dfe 5","city":"Melk","country":"Austria","zip":"3390","json_ld":{"@type":"Place","name":"Ehemaliges Stadtmuseum","description":"","url":"","address":{"@type":"PostalAddress","streetAddress":"Linzerstra\u00dfe 5","addressLocality":"Melk","postalCode":"3390","addressCountry":"Austria"},"telephone":"","sameAs":""},"show_map":false,"show_map_link":false,"global_id":"kulturinitiative-melk.at?id=2551","global_id_lineage":["kulturinitiative-melk.at?id=2551"]},"organizer":[],"custom_fields":[],"json_ld":{"@context":"http:\/\/schema.org","@type":"Event","name":"MAL Reinh\u00f6ren \u2013 \u201eIch f\u00fcrchte mich so vor der Menschen Wort \u2026\u201c","description":"&lt;p&gt;Rainer Maria Rilke zum 100. Todestag &nbsp; &nbsp; \u00a0 Rainer Maria Rilke wurde am 4. Dezember 1875 in Prag, \u00d6sterreich-Ungarn, geboren und verstarb am 29. Dezember 1926 in Montreux, Schweiz. Er z\u00e4hlt zu den bedeutendsten deutschsprachigen Lyrikern und gilt als einer der pr\u00e4genden Autoren der literarischen Moderne. Mit der \u201eWeise...&lt;\/p&gt;\\n","image":"https:\/\/kulturinitiative-melk.at\/wp-content\/uploads\/2026\/08\/Rilkelesung_1.jpg","url":"https:\/\/kulturinitiative-melk.at\/?tribe_events=mal-reinhoeren-ich-fuerchte-mich-so-vor-der-menschen-wort","eventAttendanceMode":"https:\/\/schema.org\/OfflineEventAttendanceMode","eventStatus":"https:\/\/schema.org\/EventScheduled","startDate":"2026-09-09T19:00:00+02:00","endDate":"2026-09-09T20:30:00+02:00","location":{"@type":"Place","name":"Ehemaliges Stadtmuseum","description":"","url":"","address":{"@type":"PostalAddress","streetAddress":"Linzerstra\u00dfe 5","addressLocality":"Melk","postalCode":"3390","addressCountry":"Austria"},"telephone":"","sameAs":""},"performer":"Organization"}}