{"id":2518,"global_id":"kulturinitiative-melk.at?id=2518","global_id_lineage":["kulturinitiative-melk.at?id=2518"],"author":"3","status":"publish","date":"2026-01-16 12:43:26","date_utc":"2026-01-16 11:43:26","modified":"2026-01-16 12:43:26","modified_utc":"2026-01-16 11:43:26","url":"https:\/\/kulturinitiative-melk.at\/?tribe_events=kim-jaehrliche-mitgliederversammlung","rest_url":"https:\/\/kulturinitiative-melk.at\/index.php?rest_route=\/tribe\/events\/v1\/events\/2518","title":"KIM &#8211; j\u00e4hrliche Mitgliederversammlung","description":"<p class=\"yiv1963784792MsoNormal\"><span lang=\"DE\">Sehr geehrtes KIM-Mitglied!<\/span><\/p>\n<p class=\"yiv1963784792MsoNormal\"><b><span lang=\"DE\">Wir laden herzlich zur j\u00e4hrlichen Mitgliederversammlung ein:<\/span><\/b><\/p>\n<p class=\"yiv1963784792MsoNormal\"><span lang=\"DE\">\u00a0<\/span><\/p>\n<p class=\"yiv1963784792MsoNormal\"><b><span lang=\"DE\">Datum: \u00a0\u00a0\u00a0\u00a0\u00a0\u00a0\u00a0\u00a0\u00a0\u00a0\u00a0\u00a0 Mittwoch 21. J\u00e4nner 2026 um 17:00 (Dauer max. 1 Stunde)<\/span><\/b><\/p>\n<p class=\"yiv1963784792MsoNormal\"><b><span lang=\"DE\">Ort: \u00a0\u00a0\u00a0\u00a0\u00a0\u00a0\u00a0\u00a0\u00a0\u00a0\u00a0\u00a0\u00a0\u00a0\u00a0\u00a0\u00a0\u00a0\u00a0\u00a0 Caf\u00e9 B\u00e4ckerei Konditorei Mistlbacher; Hauptstra\u00dfe 1, 3390 Melk<\/span><\/b><\/p>\n<p class=\"yiv1963784792MsoNormal\"><span lang=\"DE\">\u00a0<\/span><\/p>\n<p class=\"yiv1963784792MsoNormal\"><b><u><span lang=\"DE\">Tagesordnung<\/span><\/u><\/b><\/p>\n<ol>\n<li class=\"yiv1963784792MsoNormal\"><span lang=\"DE\">Begr\u00fc\u00dfung<\/span><\/li>\n<li class=\"yiv1963784792MsoNormal\"><span lang=\"DE\">R\u00fcckblick 2025<\/span><\/li>\n<li class=\"yiv1963784792MsoNormal\"><span lang=\"DE\">Bericht des Kassiers<\/span><\/li>\n<li class=\"yiv1963784792MsoNormal\"><span lang=\"DE\">Ausblick 2026<\/span><\/li>\n<li class=\"yiv1963784792MsoNormal\"><span lang=\"DE\">Allf\u00e4lliges<\/span><\/li>\n<\/ol>\n<p class=\"yiv1963784792MsoNormal\"><span lang=\"DE\">\u00a0<\/span><\/p>\n<p class=\"yiv1963784792MsoNormal\"><b><span lang=\"DE\">Hinweise zur Tagesordnung entsprechend der Vereinsstatuten:<\/span><\/b><\/p>\n<p class=\"yiv1963784792MsoNormal\"><span lang=\"DE\">G\u00fcltige Beschl\u00fcsse k\u00f6nnen nur zu Tagesordnungspunkten gefasst werden. Vorschl\u00e4ge f\u00fcr Erg\u00e4nzungen zur obigen Tagesordnung m\u00fcssen zumindest 1 Woche vor der Sitzung (bis zum 15.1.2026) per Mail an\u00a0<b>verein@kulturinitiative-melk.at<\/b>\u00a0eingebracht werden.<\/span><\/p>\n<p class=\"yiv1963784792MsoNormal\"><span lang=\"DE\">Wir freuen uns insbesondere \u00fcber Mitglieder, die sich f\u00fcr eine Mitarbeit im Vorstand, im Beirat oder bei Veranstaltungen interessieren.\u00a0 Ein entsprechendes Interesse kann im Vorfeld der Mitgliederversammlung oder im Rahmen der Mitgliederversammlung eingebracht werden.<\/span><\/p>\n<p class=\"yiv1963784792MsoNormal\"><span lang=\"DE\">\u00a0<\/span><\/p>\n<p class=\"yiv1963784792MsoNormal\"><span lang=\"DE\">Nach der Mitgliedersammlung findet im\u00a0<b>Caf\u00e9 Mistlbacher<\/b>\u00a0um 18:15 die J\u00e4nner-Ausgabe von \u201eMAL REINH\u00d6REN\u201c mit dem Titel\u00a0<b>\u201eJahresregenten 2026\u201c\u00a0<\/b>statt:<\/span><\/p>\n<p class=\"yiv1963784792MsoNormal\"><i><span lang=\"DE\">Runde Jubil\u00e4en gro\u00dfer Namen:<\/span>\u00a0Rainer Maria Rilke, Johann Nestroy, Peter Alexander, Miles Davis, Edith Piaf, Frank Sinatra, Bj\u00f6rk, Franz von Assisi, Arcimboldo.<\/i><i><\/i><\/p>\n<p class=\"yiv1963784792MsoNormal\"><span lang=\"DE\">\u00a0<\/span><\/p>\n<p class=\"yiv1963784792MsoNormal\"><span lang=\"DE\">Mit besten W\u00fcnschen f\u00fcr das Jahr 2026<\/span><\/p>\n<p class=\"yiv1963784792MsoNormal\"><span lang=\"DE\">Ihr Martin Gr\u00fcneis (KIM-Obmann)<\/span><\/p>","excerpt":"","slug":"kim-jaehrliche-mitgliederversammlung","image":{"url":"https:\/\/kulturinitiative-melk.at\/wp-content\/uploads\/2023\/01\/Logo_KIM-smal.png","id":1196,"extension":"png","width":500,"height":134,"filesize":10993,"sizes":{"medium":{"width":300,"height":80,"mime-type":"image\/png","filesize":5717,"url":"https:\/\/kulturinitiative-melk.at\/wp-content\/uploads\/2023\/01\/Logo_KIM-smal-300x80.png"},"thumbnail":{"width":150,"height":134,"mime-type":"image\/png","filesize":2218,"url":"https:\/\/kulturinitiative-melk.at\/wp-content\/uploads\/2023\/01\/Logo_KIM-smal-150x134.png"},"screenr-blog-grid-small":{"width":350,"height":134,"mime-type":"image\/png","filesize":5141,"url":"https:\/\/kulturinitiative-melk.at\/wp-content\/uploads\/2023\/01\/Logo_KIM-smal-350x134.png"}}},"all_day":false,"start_date":"2026-01-21 17:00:00","start_date_details":{"year":"2026","month":"01","day":"21","hour":"17","minutes":"00","seconds":"00"},"end_date":"2026-01-21 18:00:00","end_date_details":{"year":"2026","month":"01","day":"21","hour":"18","minutes":"00","seconds":"00"},"utc_start_date":"2026-01-21 16:00:00","utc_start_date_details":{"year":"2026","month":"01","day":"21","hour":"16","minutes":"00","seconds":"00"},"utc_end_date":"2026-01-21 17:00:00","utc_end_date_details":{"year":"2026","month":"01","day":"21","hour":"17","minutes":"00","seconds":"00"},"timezone":"Europe\/Vienna","timezone_abbr":"CET","cost":"","cost_details":{"currency_symbol":"$","currency_code":"USD","currency_position":"prefix","values":[]},"website":"","show_map":true,"show_map_link":true,"hide_from_listings":false,"sticky":false,"featured":false,"categories":[],"tags":[],"venue":{"id":1714,"author":"3","status":"publish","date":"2023-05-23 10:47:31","date_utc":"2023-05-23 08:47:31","modified":"2024-02-23 14:14:46","modified_utc":"2024-02-23 13:14:46","url":"https:\/\/kulturinitiative-melk.at\/?tribe_venue=cafe-mistelbacher","venue":"Caf\u00e9 Mistlbacher","slug":"cafe-mistelbacher","json_ld":{"@type":"Place","name":"Caf\u00e9 Mistlbacher","description":"","url":"","address":{"@type":"PostalAddress"},"telephone":"","sameAs":""},"show_map":true,"show_map_link":true,"global_id":"kulturinitiative-melk.at?id=1714","global_id_lineage":["kulturinitiative-melk.at?id=1714"]},"organizer":[],"json_ld":{"@context":"http:\/\/schema.org","@type":"Event","name":"KIM &#8211; j\u00e4hrliche Mitgliederversammlung","description":"&lt;p&gt;Sehr geehrtes KIM-Mitglied! Wir laden herzlich zur j\u00e4hrlichen Mitgliederversammlung ein: \u00a0 Datum: \u00a0\u00a0\u00a0\u00a0\u00a0\u00a0\u00a0\u00a0\u00a0\u00a0\u00a0\u00a0 Mittwoch 21. J\u00e4nner 2026 um 17:00 (Dauer max. 1 Stunde) Ort: \u00a0\u00a0\u00a0\u00a0\u00a0\u00a0\u00a0\u00a0\u00a0\u00a0\u00a0\u00a0\u00a0\u00a0\u00a0\u00a0\u00a0\u00a0\u00a0\u00a0 Caf\u00e9 B\u00e4ckerei Konditorei Mistlbacher; Hauptstra\u00dfe 1, 3390 Melk \u00a0 Tagesordnung Begr\u00fc\u00dfung R\u00fcckblick 2025 Bericht des Kassiers Ausblick 2026 Allf\u00e4lliges \u00a0 Hinweise zur Tagesordnung entsprechend der...&lt;\/p&gt;\\n","image":"https:\/\/kulturinitiative-melk.at\/wp-content\/uploads\/2023\/01\/Logo_KIM-smal.png","url":"https:\/\/kulturinitiative-melk.at\/?tribe_events=kim-jaehrliche-mitgliederversammlung","eventAttendanceMode":"https:\/\/schema.org\/OfflineEventAttendanceMode","eventStatus":"https:\/\/schema.org\/EventScheduled","startDate":"2026-01-21T17:00:00+01:00","endDate":"2026-01-21T18:00:00+01:00","location":{"@type":"Place","name":"Caf\u00e9 Mistlbacher","description":"","url":"","address":{"@type":"PostalAddress"},"telephone":"","sameAs":""},"performer":"Organization"}}