{"id":2516,"global_id":"kulturinitiative-melk.at?id=2516","global_id_lineage":["kulturinitiative-melk.at?id=2516"],"author":"3","status":"publish","date":"2026-01-16 12:39:37","date_utc":"2026-01-16 11:39:37","modified":"2026-01-16 12:39:37","modified_utc":"2026-01-16 11:39:37","url":"https:\/\/kulturinitiative-melk.at\/?tribe_events=mal-reinhoeren-mit-dem-titel-jahresregenten-2026","rest_url":"https:\/\/kulturinitiative-melk.at\/index.php?rest_route=\/tribe\/events\/v1\/events\/2516","title":"\u201eMAL #REINH\u00d6REN\u201c mit dem Titel \u201eJahresregenten 2026\u201c","description":"<p><strong>\u201eMAL #REINH\u00d6REN\u201c mit dem Titel \u201eJahresregenten 2026\u201c pr\u00e4sentiert von Frederike Raderer.<\/strong><\/p>\n<div>Runde Jubil\u00e4en gro\u00dfer Namen: Rainer Maria Rilke, Johann Nestroy, Peter Alexander, Miles Davis, Edith Piaf, Frank Sinatra, Bj\u00f6rk, Franz von Assisi, Arcimboldo.<\/div>\n<div><\/div>\n<div>Mittwoch 21. J\u00e4nner 2026 um 18:15<\/div>\n<div>Caf\u00e9 B\u00e4ckerei Konditorei Mistlbacher;<\/div>\n<div>Hauptstra\u00dfe 1, 3390 Melk<\/div>","excerpt":"","slug":"mal-reinhoeren-mit-dem-titel-jahresregenten-2026","image":{"url":"https:\/\/kulturinitiative-melk.at\/wp-content\/uploads\/2023\/07\/riki_raderer.png","id":1806,"extension":"png","width":926,"height":491,"filesize":508652,"sizes":{"medium":{"width":300,"height":159,"mime-type":"image\/png","filesize":50976,"url":"https:\/\/kulturinitiative-melk.at\/wp-content\/uploads\/2023\/07\/riki_raderer-300x159.png"},"thumbnail":{"width":150,"height":150,"mime-type":"image\/png","filesize":25063,"url":"https:\/\/kulturinitiative-melk.at\/wp-content\/uploads\/2023\/07\/riki_raderer-150x150.png"},"medium_large":{"width":768,"height":407,"mime-type":"image\/png","filesize":252096,"url":"https:\/\/kulturinitiative-melk.at\/wp-content\/uploads\/2023\/07\/riki_raderer-768x407.png"},"screenr-blog-grid-small":{"width":350,"height":200,"mime-type":"image\/png","filesize":71133,"url":"https:\/\/kulturinitiative-melk.at\/wp-content\/uploads\/2023\/07\/riki_raderer-350x200.png"},"screenr-blog-grid":{"width":540,"height":300,"mime-type":"image\/png","filesize":145274,"url":"https:\/\/kulturinitiative-melk.at\/wp-content\/uploads\/2023\/07\/riki_raderer-540x300.png"},"screenr-blog-list":{"width":790,"height":400,"mime-type":"image\/png","filesize":253192,"url":"https:\/\/kulturinitiative-melk.at\/wp-content\/uploads\/2023\/07\/riki_raderer-790x400.png"},"screenr-service-small":{"width":538,"height":280,"mime-type":"image\/png","filesize":135599,"url":"https:\/\/kulturinitiative-melk.at\/wp-content\/uploads\/2023\/07\/riki_raderer-538x280.png"},"screenr-thumbnail-team":{"width":340,"height":220,"mime-type":"image\/png","filesize":74370,"url":"https:\/\/kulturinitiative-melk.at\/wp-content\/uploads\/2023\/07\/riki_raderer-340x220.png"}}},"all_day":false,"start_date":"2026-01-21 18:15:00","start_date_details":{"year":"2026","month":"01","day":"21","hour":"18","minutes":"15","seconds":"00"},"end_date":"2026-01-21 19:30:00","end_date_details":{"year":"2026","month":"01","day":"21","hour":"19","minutes":"30","seconds":"00"},"utc_start_date":"2026-01-21 17:15:00","utc_start_date_details":{"year":"2026","month":"01","day":"21","hour":"17","minutes":"15","seconds":"00"},"utc_end_date":"2026-01-21 18:30:00","utc_end_date_details":{"year":"2026","month":"01","day":"21","hour":"18","minutes":"30","seconds":"00"},"timezone":"Europe\/Vienna","timezone_abbr":"CET","cost":"","cost_details":{"currency_symbol":"$","currency_code":"USD","currency_position":"prefix","values":[]},"website":"","show_map":true,"show_map_link":true,"hide_from_listings":false,"sticky":false,"featured":false,"categories":[],"tags":[],"venue":{"id":1714,"author":"3","status":"publish","date":"2023-05-23 10:47:31","date_utc":"2023-05-23 08:47:31","modified":"2024-02-23 14:14:46","modified_utc":"2024-02-23 13:14:46","url":"https:\/\/kulturinitiative-melk.at\/?tribe_venue=cafe-mistelbacher","venue":"Caf\u00e9 Mistlbacher","slug":"cafe-mistelbacher","json_ld":{"@type":"Place","name":"Caf\u00e9 Mistlbacher","description":"","url":"","address":{"@type":"PostalAddress"},"telephone":"","sameAs":""},"show_map":true,"show_map_link":true,"global_id":"kulturinitiative-melk.at?id=1714","global_id_lineage":["kulturinitiative-melk.at?id=1714"]},"organizer":[],"json_ld":{"@context":"http:\/\/schema.org","@type":"Event","name":"\u201eMAL #REINH\u00d6REN\u201c mit dem Titel \u201eJahresregenten 2026\u201c","description":"&lt;p&gt;\u201eMAL #REINH\u00d6REN\u201c mit dem Titel \u201eJahresregenten 2026\u201c pr\u00e4sentiert von Frederike Raderer. Runde Jubil\u00e4en gro\u00dfer Namen: Rainer Maria Rilke, Johann Nestroy, Peter Alexander, Miles Davis, Edith Piaf, Frank Sinatra, Bj\u00f6rk, Franz von Assisi, Arcimboldo. Mittwoch 21. J\u00e4nner 2026 um 18:15 Caf\u00e9 B\u00e4ckerei Konditorei Mistlbacher; Hauptstra\u00dfe 1, 3390 Melk&lt;\/p&gt;\\n","image":"https:\/\/kulturinitiative-melk.at\/wp-content\/uploads\/2023\/07\/riki_raderer.png","url":"https:\/\/kulturinitiative-melk.at\/?tribe_events=mal-reinhoeren-mit-dem-titel-jahresregenten-2026","eventAttendanceMode":"https:\/\/schema.org\/OfflineEventAttendanceMode","eventStatus":"https:\/\/schema.org\/EventScheduled","startDate":"2026-01-21T18:15:00+01:00","endDate":"2026-01-21T19:30:00+01:00","location":{"@type":"Place","name":"Caf\u00e9 Mistlbacher","description":"","url":"","address":{"@type":"PostalAddress"},"telephone":"","sameAs":""},"performer":"Organization"}}