{"id":2329,"global_id":"kulturinitiative-melk.at?id=2329","global_id_lineage":["kulturinitiative-melk.at?id=2329"],"author":"3","status":"publish","date":"2025-02-24 13:39:30","date_utc":"2025-02-24 12:39:30","modified":"2025-02-24 13:40:15","modified_utc":"2025-02-24 12:40:15","url":"https:\/\/kulturinitiative-melk.at\/?tribe_events=mal-reinhoeren-hail-st-patrick-mit-riki-raderer","rest_url":"https:\/\/kulturinitiative-melk.at\/index.php?rest_route=\/tribe\/events\/v1\/events\/2329","title":"Mal Reinh\u00f6ren! \u2013 \u201eHail, St. Patrick\u201c mit Frederike Raderer","description":"<div>\n<div>\n<div>\n<div>\n<div>\n<div dir=\"ltr\">\n<div>\n<div>\n<div id=\"yiv4890154363\">\n<div>\n<div><em><strong>&#8220;Hail glorious Saint Patrick, dear saint of our isle<br \/>\nOn us thy poor children bestow a\u2005sweet\u2005smile&#8221;<\/strong><\/em><\/div>\n<div><\/div>\n<div>Ein bisserl vorfeiern schadet nix, denn der St. Patrick&#8217;s Day ist erst am 17. M\u00e4rz.<\/div>\n<div>Aber das macht nix, St.Patrick wird sich trotzdem\u00a0 freuen, wenn er irische Musik vom feinsten h\u00f6rt.<\/div>\n<div>Und Geschichten und Anekdoten und das ein oder andere Gedicht.<\/div>\n<div><\/div>\n<\/div>\n<\/div>\n<div>Frederike Raderer gestaltet diese Ausgabe von &#8220;Mal Reinh\u00f6ren!&#8221; am Mittwoch, den 12. M\u00e4rz um 18:00 im Caf\u00e9 Mistlbacher Melk.<\/div>\n<div><\/div>\n<div><a href=\"https:\/\/kulturinitiative-melk.at\/?attachment_id=2330\" rel=\"attachment wp-att-2330\"><img loading=\"lazy\" decoding=\"async\" class=\"alignnone wp-image-2330\" src=\"https:\/\/kulturinitiative-melk.at\/wp-content\/uploads\/2025\/02\/kim-socialmedia-posting-veranstaltung-03-2025-300x300.jpg\" alt=\"\" width=\"507\" height=\"507\" srcset=\"https:\/\/kulturinitiative-melk.at\/wp-content\/uploads\/2025\/02\/kim-socialmedia-posting-veranstaltung-03-2025-300x300.jpg 300w, https:\/\/kulturinitiative-melk.at\/wp-content\/uploads\/2025\/02\/kim-socialmedia-posting-veranstaltung-03-2025-1024x1024.jpg 1024w, https:\/\/kulturinitiative-melk.at\/wp-content\/uploads\/2025\/02\/kim-socialmedia-posting-veranstaltung-03-2025-150x150.jpg 150w, https:\/\/kulturinitiative-melk.at\/wp-content\/uploads\/2025\/02\/kim-socialmedia-posting-veranstaltung-03-2025-768x768.jpg 768w, https:\/\/kulturinitiative-melk.at\/wp-content\/uploads\/2025\/02\/kim-socialmedia-posting-veranstaltung-03-2025-1536x1536.jpg 1536w, https:\/\/kulturinitiative-melk.at\/wp-content\/uploads\/2025\/02\/kim-socialmedia-posting-veranstaltung-03-2025-2048x2048.jpg 2048w\" sizes=\"auto, (max-width: 507px) 100vw, 507px\" \/><\/a><\/div>\n<\/div>\n<\/div>\n<\/div>\n<\/div>\n<\/div>\n<\/div>\n<\/div>\n<\/div>","excerpt":"","slug":"mal-reinhoeren-hail-st-patrick-mit-riki-raderer","image":{"url":"https:\/\/kulturinitiative-melk.at\/wp-content\/uploads\/2025\/02\/kim-socialmedia-posting-veranstaltung-03-2025.jpg","id":2330,"extension":"jpg","width":2083,"height":2083,"filesize":507186,"sizes":{"medium":{"width":300,"height":300,"mime-type":"image\/jpeg","filesize":14211,"url":"https:\/\/kulturinitiative-melk.at\/wp-content\/uploads\/2025\/02\/kim-socialmedia-posting-veranstaltung-03-2025-300x300.jpg"},"large":{"width":1024,"height":1024,"mime-type":"image\/jpeg","filesize":59972,"url":"https:\/\/kulturinitiative-melk.at\/wp-content\/uploads\/2025\/02\/kim-socialmedia-posting-veranstaltung-03-2025-1024x1024.jpg"},"thumbnail":{"width":150,"height":150,"mime-type":"image\/jpeg","filesize":6932,"url":"https:\/\/kulturinitiative-melk.at\/wp-content\/uploads\/2025\/02\/kim-socialmedia-posting-veranstaltung-03-2025-150x150.jpg"},"medium_large":{"width":768,"height":768,"mime-type":"image\/jpeg","filesize":42526,"url":"https:\/\/kulturinitiative-melk.at\/wp-content\/uploads\/2025\/02\/kim-socialmedia-posting-veranstaltung-03-2025-768x768.jpg"},"1536x1536":{"width":1536,"height":1536,"mime-type":"image\/jpeg","filesize":93421,"url":"https:\/\/kulturinitiative-melk.at\/wp-content\/uploads\/2025\/02\/kim-socialmedia-posting-veranstaltung-03-2025-1536x1536.jpg"},"2048x2048":{"width":2048,"height":2048,"mime-type":"image\/jpeg","filesize":129055,"url":"https:\/\/kulturinitiative-melk.at\/wp-content\/uploads\/2025\/02\/kim-socialmedia-posting-veranstaltung-03-2025-2048x2048.jpg"},"screenr-blog-grid-small":{"width":350,"height":200,"mime-type":"image\/jpeg","filesize":13738,"url":"https:\/\/kulturinitiative-melk.at\/wp-content\/uploads\/2025\/02\/kim-socialmedia-posting-veranstaltung-03-2025-350x200.jpg"},"screenr-blog-grid":{"width":540,"height":300,"mime-type":"image\/jpeg","filesize":21644,"url":"https:\/\/kulturinitiative-melk.at\/wp-content\/uploads\/2025\/02\/kim-socialmedia-posting-veranstaltung-03-2025-540x300.jpg"},"screenr-blog-list":{"width":790,"height":400,"mime-type":"image\/jpeg","filesize":31972,"url":"https:\/\/kulturinitiative-melk.at\/wp-content\/uploads\/2025\/02\/kim-socialmedia-posting-veranstaltung-03-2025-790x400.jpg"},"screenr-service-small":{"width":538,"height":280,"mime-type":"image\/jpeg","filesize":20971,"url":"https:\/\/kulturinitiative-melk.at\/wp-content\/uploads\/2025\/02\/kim-socialmedia-posting-veranstaltung-03-2025-538x280.jpg"},"screenr-thumbnail-team":{"width":340,"height":220,"mime-type":"image\/jpeg","filesize":13937,"url":"https:\/\/kulturinitiative-melk.at\/wp-content\/uploads\/2025\/02\/kim-socialmedia-posting-veranstaltung-03-2025-340x220.jpg"}}},"all_day":false,"start_date":"2025-03-12 18:00:00","start_date_details":{"year":"2025","month":"03","day":"12","hour":"18","minutes":"00","seconds":"00"},"end_date":"2025-03-12 19:30:00","end_date_details":{"year":"2025","month":"03","day":"12","hour":"19","minutes":"30","seconds":"00"},"utc_start_date":"2025-03-12 17:00:00","utc_start_date_details":{"year":"2025","month":"03","day":"12","hour":"17","minutes":"00","seconds":"00"},"utc_end_date":"2025-03-12 18:30:00","utc_end_date_details":{"year":"2025","month":"03","day":"12","hour":"18","minutes":"30","seconds":"00"},"timezone":"Europe\/Vienna","timezone_abbr":"CET","cost":"","cost_details":{"currency_symbol":"$","currency_code":"USD","currency_position":"prefix","values":[]},"website":"","show_map":true,"show_map_link":true,"hide_from_listings":false,"sticky":false,"featured":false,"categories":[{"name":"KIM-\u00f6ffentlich","slug":"kim-oeffentlich","term_group":0,"term_taxonomy_id":25,"taxonomy":"tribe_events_cat","description":"","parent":0,"count":21,"filter":"raw","id":25,"urls":{"self":"https:\/\/kulturinitiative-melk.at\/index.php?rest_route=\/tribe\/events\/v1\/categories\/25","collection":"https:\/\/kulturinitiative-melk.at\/index.php?rest_route=\/tribe\/events\/v1\/categories"}}],"tags":[{"name":"KIM","slug":"kim","term_group":0,"term_taxonomy_id":41,"taxonomy":"post_tag","description":"","parent":0,"count":26,"filter":"raw","id":41,"urls":{"self":"https:\/\/kulturinitiative-melk.at\/index.php?rest_route=\/tribe\/events\/v1\/tags\/41","collection":"https:\/\/kulturinitiative-melk.at\/index.php?rest_route=\/tribe\/events\/v1\/tags"}},{"name":"Lesung","slug":"lesung","term_group":0,"term_taxonomy_id":82,"taxonomy":"post_tag","description":"","parent":0,"count":5,"filter":"raw","id":82,"urls":{"self":"https:\/\/kulturinitiative-melk.at\/index.php?rest_route=\/tribe\/events\/v1\/tags\/82","collection":"https:\/\/kulturinitiative-melk.at\/index.php?rest_route=\/tribe\/events\/v1\/tags"}},{"name":"Mal Reinh\u00f6ren","slug":"mal-reinhoeren","term_group":0,"term_taxonomy_id":108,"taxonomy":"post_tag","description":"","parent":0,"count":3,"filter":"raw","id":108,"urls":{"self":"https:\/\/kulturinitiative-melk.at\/index.php?rest_route=\/tribe\/events\/v1\/tags\/108","collection":"https:\/\/kulturinitiative-melk.at\/index.php?rest_route=\/tribe\/events\/v1\/tags"}},{"name":"Melk","slug":"melk","term_group":0,"term_taxonomy_id":39,"taxonomy":"post_tag","description":"","parent":0,"count":14,"filter":"raw","id":39,"urls":{"self":"https:\/\/kulturinitiative-melk.at\/index.php?rest_route=\/tribe\/events\/v1\/tags\/39","collection":"https:\/\/kulturinitiative-melk.at\/index.php?rest_route=\/tribe\/events\/v1\/tags"}},{"name":"Patrick","slug":"patrick","term_group":0,"term_taxonomy_id":112,"taxonomy":"post_tag","description":"","parent":0,"count":1,"filter":"raw","id":112,"urls":{"self":"https:\/\/kulturinitiative-melk.at\/index.php?rest_route=\/tribe\/events\/v1\/tags\/112","collection":"https:\/\/kulturinitiative-melk.at\/index.php?rest_route=\/tribe\/events\/v1\/tags"}},{"name":"Raderer","slug":"raderer","term_group":0,"term_taxonomy_id":85,"taxonomy":"post_tag","description":"","parent":0,"count":2,"filter":"raw","id":85,"urls":{"self":"https:\/\/kulturinitiative-melk.at\/index.php?rest_route=\/tribe\/events\/v1\/tags\/85","collection":"https:\/\/kulturinitiative-melk.at\/index.php?rest_route=\/tribe\/events\/v1\/tags"}}],"venue":{"id":1714,"author":"3","status":"publish","date":"2023-05-23 10:47:31","date_utc":"2023-05-23 08:47:31","modified":"2024-02-23 14:14:46","modified_utc":"2024-02-23 13:14:46","url":"https:\/\/kulturinitiative-melk.at\/?tribe_venue=cafe-mistelbacher","venue":"Caf\u00e9 Mistlbacher","slug":"cafe-mistelbacher","json_ld":{"@type":"Place","name":"Caf\u00e9 Mistlbacher","description":"","url":"","address":{"@type":"PostalAddress"},"telephone":"","sameAs":""},"show_map":true,"show_map_link":true,"global_id":"kulturinitiative-melk.at?id=1714","global_id_lineage":["kulturinitiative-melk.at?id=1714"]},"organizer":[],"json_ld":{"@context":"http:\/\/schema.org","@type":"Event","name":"Mal Reinh\u00f6ren! \u2013 \u201eHail, St. Patrick\u201c mit Frederike Raderer","description":"&lt;p&gt;&quot;Hail glorious Saint Patrick, dear saint of our isle On us thy poor children bestow a\u2005sweet\u2005smile&quot; Ein bisserl vorfeiern schadet nix, denn der St. Patrick\\'s Day ist erst am 17. M\u00e4rz. Aber das macht nix, St.Patrick wird sich trotzdem\u00a0 freuen, wenn er irische Musik vom feinsten h\u00f6rt. Und Geschichten und...&lt;\/p&gt;\\n","image":"https:\/\/kulturinitiative-melk.at\/wp-content\/uploads\/2025\/02\/kim-socialmedia-posting-veranstaltung-03-2025.jpg","url":"https:\/\/kulturinitiative-melk.at\/?tribe_events=mal-reinhoeren-hail-st-patrick-mit-riki-raderer","eventAttendanceMode":"https:\/\/schema.org\/OfflineEventAttendanceMode","eventStatus":"https:\/\/schema.org\/EventScheduled","startDate":"2025-03-12T18:00:00+01:00","endDate":"2025-03-12T19:30:00+01:00","location":{"@type":"Place","name":"Caf\u00e9 Mistlbacher","description":"","url":"","address":{"@type":"PostalAddress"},"telephone":"","sameAs":""},"performer":"Organization"}}