{"id":2169,"global_id":"kulturinitiative-melk.at?id=2169","global_id_lineage":["kulturinitiative-melk.at?id=2169"],"author":"3","status":"publish","date":"2024-08-02 20:56:39","date_utc":"2024-08-02 18:56:39","modified":"2024-08-02 21:05:27","modified_utc":"2024-08-02 19:05:27","url":"https:\/\/kulturinitiative-melk.at\/?tribe_events=mal-reinhoeren-bewusst-sein-und-werden","rest_url":"https:\/\/kulturinitiative-melk.at\/index.php?rest_route=\/tribe\/events\/v1\/events\/2169","title":"Mal Reinh\u00f6ren! &#8211; &#8220;Bewusst SEIN und WERDEN&#8221; mit Agnes Pfeffer","description":"<p><strong>Die Oktober-Ausgabe von \u201cMal Reinh\u00f6ren\u201d findet am 17.10. statt. Agnes Pfeffer pr\u00e4sentiert bei ihrer Lesung die vielen verschiedenen Facetten unbewusster (Sprach-)Gewohnheiten, Lebenshaltungen und Sehns\u00fcchte&#8230; ein achtsames Hinterfragen und Aufdecken, Einf\u00fchlen und Vordenken.<\/strong><\/p>\n<p>Eintritt: freiwillige Spende<\/p>\n<p>Das Format \u201eMal Reinh\u00f6ren\u201c der Kulturinitiative Melk wird von\u00a0<strong>Ilse Kossarz\u00a0<\/strong>und\u00a0<strong>Friederike Raderer<\/strong> kuratiert und pr\u00e4sentiert einmal im Monat an einem Donnerstag rund um die Monatsmitte (2. oder 3. Donnerstag im Monat) ein Thema, das in einer Mischung aus Lesung, Erz\u00e4hlung und Musikeinspielung behandelt wird und von unterschiedlichen Personen pr\u00e4sentiert werden wird.<\/p>","excerpt":"","slug":"mal-reinhoeren-bewusst-sein-und-werden","image":{"url":"https:\/\/kulturinitiative-melk.at\/wp-content\/uploads\/2024\/08\/kim-socialmedia-posting-veranstaltung-2024-okt.jpg","id":2170,"extension":"jpg","width":1000,"height":1000,"filesize":188708,"sizes":{"medium":{"width":300,"height":300,"mime-type":"image\/jpeg","filesize":16071,"url":"https:\/\/kulturinitiative-melk.at\/wp-content\/uploads\/2024\/08\/kim-socialmedia-posting-veranstaltung-2024-okt-300x300.jpg"},"thumbnail":{"width":150,"height":150,"mime-type":"image\/jpeg","filesize":7590,"url":"https:\/\/kulturinitiative-melk.at\/wp-content\/uploads\/2024\/08\/kim-socialmedia-posting-veranstaltung-2024-okt-150x150.jpg"},"medium_large":{"width":768,"height":768,"mime-type":"image\/jpeg","filesize":47900,"url":"https:\/\/kulturinitiative-melk.at\/wp-content\/uploads\/2024\/08\/kim-socialmedia-posting-veranstaltung-2024-okt-768x768.jpg"},"screenr-blog-grid-small":{"width":350,"height":200,"mime-type":"image\/jpeg","filesize":14998,"url":"https:\/\/kulturinitiative-melk.at\/wp-content\/uploads\/2024\/08\/kim-socialmedia-posting-veranstaltung-2024-okt-350x200.jpg"},"screenr-blog-grid":{"width":540,"height":300,"mime-type":"image\/jpeg","filesize":23967,"url":"https:\/\/kulturinitiative-melk.at\/wp-content\/uploads\/2024\/08\/kim-socialmedia-posting-veranstaltung-2024-okt-540x300.jpg"},"screenr-blog-list":{"width":790,"height":400,"mime-type":"image\/jpeg","filesize":34728,"url":"https:\/\/kulturinitiative-melk.at\/wp-content\/uploads\/2024\/08\/kim-socialmedia-posting-veranstaltung-2024-okt-790x400.jpg"},"screenr-service-small":{"width":538,"height":280,"mime-type":"image\/jpeg","filesize":23519,"url":"https:\/\/kulturinitiative-melk.at\/wp-content\/uploads\/2024\/08\/kim-socialmedia-posting-veranstaltung-2024-okt-538x280.jpg"},"screenr-thumbnail-team":{"width":340,"height":220,"mime-type":"image\/jpeg","filesize":15621,"url":"https:\/\/kulturinitiative-melk.at\/wp-content\/uploads\/2024\/08\/kim-socialmedia-posting-veranstaltung-2024-okt-340x220.jpg"}}},"all_day":false,"start_date":"2024-10-17 18:30:00","start_date_details":{"year":"2024","month":"10","day":"17","hour":"18","minutes":"30","seconds":"00"},"end_date":"2024-10-17 20:00:00","end_date_details":{"year":"2024","month":"10","day":"17","hour":"20","minutes":"00","seconds":"00"},"utc_start_date":"2024-10-17 16:30:00","utc_start_date_details":{"year":"2024","month":"10","day":"17","hour":"16","minutes":"30","seconds":"00"},"utc_end_date":"2024-10-17 18:00:00","utc_end_date_details":{"year":"2024","month":"10","day":"17","hour":"18","minutes":"00","seconds":"00"},"timezone":"Europe\/Vienna","timezone_abbr":"CEST","cost":"","cost_details":{"currency_symbol":"$","currency_code":"USD","currency_position":"prefix","values":[]},"website":"","show_map":true,"show_map_link":true,"hide_from_listings":false,"sticky":false,"featured":false,"categories":[],"tags":[],"venue":{"id":1714,"author":"3","status":"publish","date":"2023-05-23 10:47:31","date_utc":"2023-05-23 08:47:31","modified":"2024-02-23 14:14:46","modified_utc":"2024-02-23 13:14:46","url":"https:\/\/kulturinitiative-melk.at\/?tribe_venue=cafe-mistelbacher","venue":"Caf\u00e9 Mistlbacher","slug":"cafe-mistelbacher","json_ld":{"@type":"Place","name":"Caf\u00e9 Mistlbacher","description":"","url":"","address":{"@type":"PostalAddress"},"telephone":"","sameAs":""},"show_map":true,"show_map_link":true,"global_id":"kulturinitiative-melk.at?id=1714","global_id_lineage":["kulturinitiative-melk.at?id=1714"]},"organizer":[],"json_ld":{"@context":"http:\/\/schema.org","@type":"Event","name":"Mal Reinh\u00f6ren! &#8211; &#8220;Bewusst SEIN und WERDEN&#8221; mit Agnes Pfeffer","description":"&lt;p&gt;Die Oktober-Ausgabe von \u201cMal Reinh\u00f6ren\u201d findet am 17.10. statt. Agnes Pfeffer pr\u00e4sentiert bei ihrer Lesung die vielen verschiedenen Facetten unbewusster (Sprach-)Gewohnheiten, Lebenshaltungen und Sehns\u00fcchte... ein achtsames Hinterfragen und Aufdecken, Einf\u00fchlen und Vordenken. Eintritt: freiwillige Spende Das Format \u201eMal Reinh\u00f6ren\u201c der Kulturinitiative Melk wird von\u00a0Ilse Kossarz\u00a0und\u00a0Friederike Raderer kuratiert und pr\u00e4sentiert einmal...&lt;\/p&gt;\\n","image":"https:\/\/kulturinitiative-melk.at\/wp-content\/uploads\/2024\/08\/kim-socialmedia-posting-veranstaltung-2024-okt.jpg","url":"https:\/\/kulturinitiative-melk.at\/?tribe_events=mal-reinhoeren-bewusst-sein-und-werden","eventAttendanceMode":"https:\/\/schema.org\/OfflineEventAttendanceMode","eventStatus":"https:\/\/schema.org\/EventScheduled","startDate":"2024-10-17T18:30:00+02:00","endDate":"2024-10-17T20:00:00+02:00","location":{"@type":"Place","name":"Caf\u00e9 Mistlbacher","description":"","url":"","address":{"@type":"PostalAddress"},"telephone":"","sameAs":""},"performer":"Organization"}}