{"id":2073,"global_id":"kulturinitiative-melk.at?id=2073","global_id_lineage":["kulturinitiative-melk.at?id=2073"],"author":"3","status":"publish","date":"2024-02-23 15:20:14","date_utc":"2024-02-23 14:20:14","modified":"2024-06-04 15:19:46","modified_utc":"2024-06-04 13:19:46","url":"https:\/\/kulturinitiative-melk.at\/?tribe_events=vortrag-von-anton-harrer-die-roemer-in-melk","rest_url":"https:\/\/kulturinitiative-melk.at\/index.php?rest_route=\/tribe\/events\/v1\/events\/2073","title":"Vortrag von Anton Harrer: &#8220;Namare \u2013 Das r\u00f6mische Melk?\u201c","description":"<p>Hier geht es zum Nachbericht:<\/p>\n<p><a href=\"https:\/\/kulturinitiative-melk.at\/?p=2140\">Das r\u00f6mische Melk? \u2013 Eine Spurensuche nach \u201eNamare\u201c \u2013 KIM (kulturinitiative-melk.at)<\/a><\/p>\n<p>&nbsp;<\/p>\n<p>&nbsp;<\/p>\n<p>&nbsp;<\/p>\n<p>Am 28.Mai findet ein historischer Vortrag von Anton Harrer zum Thema &#8220;Namare \u2013 Das r\u00f6mische Melk?\u201c statt.<\/p>\n<p>Beginn: 19:30 im Pfaarsaal Melk.<\/p>\n<p>Am Dienstag, dem 28. Mai 2024, h\u00e4lt Anton Harrer um 19.30 Uhr im Pfarrsaal Melk einen Vortrag \u201eNamare \u2013 Das r\u00f6mische Melk?\u201c. Das zun\u00e4chst unbekannte Namare an der R\u00f6merstra\u00dfe ist erforscht und liegt jetzt fest. Der Vortrag gibt einen Einblick in die Kulturlandschaft bis zur\u00fcck in die Ur- und Fr\u00fchgeschichte unserer Region.<\/p>\n<div>\n<div class=\"yiv0052123890WordSection1\">\n<div><span lang=\"DE\">\u00a0<\/span><\/div>\n<\/div>\n<\/div>","excerpt":"","slug":"vortrag-von-anton-harrer-die-roemer-in-melk","image":{"url":"https:\/\/kulturinitiative-melk.at\/wp-content\/uploads\/2023\/05\/Anton_Sketch-effect.png","id":1523,"extension":"png","width":1500,"height":1000,"filesize":3031839,"sizes":{"medium":{"width":300,"height":200,"mime-type":"image\/png","filesize":71706,"url":"https:\/\/kulturinitiative-melk.at\/wp-content\/uploads\/2023\/05\/Anton_Sketch-effect-300x200.png"},"large":{"width":1024,"height":683,"mime-type":"image\/png","filesize":923976,"url":"https:\/\/kulturinitiative-melk.at\/wp-content\/uploads\/2023\/05\/Anton_Sketch-effect-1024x683.png"},"thumbnail":{"width":150,"height":150,"mime-type":"image\/png","filesize":27799,"url":"https:\/\/kulturinitiative-melk.at\/wp-content\/uploads\/2023\/05\/Anton_Sketch-effect-150x150.png"},"medium_large":{"width":768,"height":512,"mime-type":"image\/png","filesize":509411,"url":"https:\/\/kulturinitiative-melk.at\/wp-content\/uploads\/2023\/05\/Anton_Sketch-effect-768x512.png"},"screenr-blog-grid-small":{"width":350,"height":200,"mime-type":"image\/png","filesize":85218,"url":"https:\/\/kulturinitiative-melk.at\/wp-content\/uploads\/2023\/05\/Anton_Sketch-effect-350x200.png"},"screenr-blog-grid":{"width":540,"height":300,"mime-type":"image\/png","filesize":203396,"url":"https:\/\/kulturinitiative-melk.at\/wp-content\/uploads\/2023\/05\/Anton_Sketch-effect-540x300.png"},"screenr-blog-list":{"width":790,"height":400,"mime-type":"image\/png","filesize":410386,"url":"https:\/\/kulturinitiative-melk.at\/wp-content\/uploads\/2023\/05\/Anton_Sketch-effect-790x400.png"},"screenr-service-small":{"width":538,"height":280,"mime-type":"image\/png","filesize":189246,"url":"https:\/\/kulturinitiative-melk.at\/wp-content\/uploads\/2023\/05\/Anton_Sketch-effect-538x280.png"},"screenr-thumbnail-team":{"width":340,"height":220,"mime-type":"image\/png","filesize":90610,"url":"https:\/\/kulturinitiative-melk.at\/wp-content\/uploads\/2023\/05\/Anton_Sketch-effect-340x220.png"}}},"all_day":false,"start_date":"2024-05-28 19:30:00","start_date_details":{"year":"2024","month":"05","day":"28","hour":"19","minutes":"30","seconds":"00"},"end_date":"2024-05-28 19:30:00","end_date_details":{"year":"2024","month":"05","day":"28","hour":"19","minutes":"30","seconds":"00"},"utc_start_date":"2024-05-28 17:30:00","utc_start_date_details":{"year":"2024","month":"05","day":"28","hour":"17","minutes":"30","seconds":"00"},"utc_end_date":"2024-05-28 17:30:00","utc_end_date_details":{"year":"2024","month":"05","day":"28","hour":"17","minutes":"30","seconds":"00"},"timezone":"Europe\/Vienna","timezone_abbr":"CEST","cost":"","cost_details":{"currency_symbol":"","currency_code":"","currency_position":"prefix","values":[]},"website":"","show_map":true,"show_map_link":true,"hide_from_listings":false,"sticky":false,"featured":false,"categories":[{"name":"KIM-\u00f6ffentlich","slug":"kim-oeffentlich","term_group":0,"term_taxonomy_id":25,"taxonomy":"tribe_events_cat","description":"","parent":0,"count":21,"filter":"raw","id":25,"urls":{"self":"https:\/\/kulturinitiative-melk.at\/index.php?rest_route=\/tribe\/events\/v1\/categories\/25","collection":"https:\/\/kulturinitiative-melk.at\/index.php?rest_route=\/tribe\/events\/v1\/categories"}}],"tags":[],"venue":{"id":2109,"author":"3","status":"publish","date":"2024-05-19 07:45:43","date_utc":"2024-05-19 05:45:43","modified":"2024-05-19 07:45:43","modified_utc":"2024-05-19 05:45:43","url":"https:\/\/kulturinitiative-melk.at\/?tribe_venue=pfarrsaal-melk","venue":"Pfarrsaal Melk","slug":"pfarrsaal-melk","address":"Kirchenplatz 10","city":"Melk","json_ld":{"@type":"Place","name":"Pfarrsaal Melk","description":"","url":"","address":{"@type":"PostalAddress","streetAddress":"Kirchenplatz 10","addressLocality":"Melk"},"telephone":"","sameAs":""},"show_map":true,"show_map_link":true,"global_id":"kulturinitiative-melk.at?id=2109","global_id_lineage":["kulturinitiative-melk.at?id=2109"]},"organizer":[],"json_ld":{"@context":"http:\/\/schema.org","@type":"Event","name":"Vortrag von Anton Harrer: &#8220;Namare \u2013 Das r\u00f6mische Melk?\u201c","description":"&lt;p&gt;Hier geht es zum Nachbericht: Das r\u00f6mische Melk? \u2013 Eine Spurensuche nach \u201eNamare\u201c \u2013 KIM (kulturinitiative-melk.at) &nbsp; &nbsp; &nbsp; Am 28.Mai findet ein historischer Vortrag von Anton Harrer zum Thema &quot;Namare \u2013 Das r\u00f6mische Melk?\u201c statt. Beginn: 19:30 im Pfaarsaal Melk. Am Dienstag, dem 28. Mai 2024, h\u00e4lt Anton Harrer...&lt;\/p&gt;\\n","image":"https:\/\/kulturinitiative-melk.at\/wp-content\/uploads\/2023\/05\/Anton_Sketch-effect.png","url":"https:\/\/kulturinitiative-melk.at\/?tribe_events=vortrag-von-anton-harrer-die-roemer-in-melk","eventAttendanceMode":"https:\/\/schema.org\/OfflineEventAttendanceMode","eventStatus":"https:\/\/schema.org\/EventScheduled","startDate":"2024-05-28T19:30:00+02:00","endDate":"2024-05-28T19:30:00+02:00","location":{"@type":"Place","name":"Pfarrsaal Melk","description":"","url":"","address":{"@type":"PostalAddress","streetAddress":"Kirchenplatz 10","addressLocality":"Melk"},"telephone":"","sameAs":""},"performer":"Organization"}}