{"id":2012,"global_id":"kulturinitiative-melk.at?id=2012","global_id_lineage":["kulturinitiative-melk.at?id=2012"],"author":"3","status":"publish","date":"2024-01-09 17:47:17","date_utc":"2024-01-09 16:47:17","modified":"2024-01-09 17:47:47","modified_utc":"2024-01-09 16:47:47","url":"https:\/\/kulturinitiative-melk.at\/?tribe_events=veranstaltungstipp-extern-noe-museumstag","rest_url":"https:\/\/kulturinitiative-melk.at\/index.php?rest_route=\/tribe\/events\/v1\/events\/2012","title":"Veranstaltungstipp (extern): N\u00d6 Museumstag","description":"<p><strong>SAVE THE DATE<\/strong><\/p>\n<div class=\"frame frame-default frame-type-textmedia frame-layout-0\">\n<div class=\"ce-textpic ce-center ce-above\">\n<div class=\"ce-bodytext\">\n<h5>27. NIEDER\u00d6STERREICHISCHER MUSEUMSTAG AM 17. M\u00c4RZ 2024 IN MELK<\/h5>\n<p><strong>Museumstage<\/strong> widmen sich ausgew\u00e4hlten Themen der Museumspraxis in kompakter Form. Sie bieten den zahlreichen Teilnehmenden\u00a0eine wichtige Plattform f\u00fcr das gegenseitige Kennenlernen und den Austausch innerhalb der Museumsgemeinschaft.<\/p>\n<\/div>\n<p>N\u00e4here Infos und Updates auf der Webseite des Museumsmanagement Nieder\u00f6sterreich:<\/p>\n<p><a href=\"http:\/\/www.noemuseen.at\/museumstag\/\">www.noemuseen.at\/museumstag\/<\/a><\/p>\n<\/div>\n<\/div>","excerpt":"","slug":"veranstaltungstipp-extern-noe-museumstag","image":{"url":"https:\/\/kulturinitiative-melk.at\/wp-content\/uploads\/2024\/01\/Museumsmanagement_Logo.jpg","id":2013,"extension":"jpg","width":1280,"height":527,"filesize":211283,"sizes":{"medium":{"width":300,"height":124,"mime-type":"image\/jpeg","filesize":12069,"url":"https:\/\/kulturinitiative-melk.at\/wp-content\/uploads\/2024\/01\/Museumsmanagement_Logo-300x124.jpg"},"large":{"width":1024,"height":422,"mime-type":"image\/jpeg","filesize":51008,"url":"https:\/\/kulturinitiative-melk.at\/wp-content\/uploads\/2024\/01\/Museumsmanagement_Logo-1024x422.jpg"},"thumbnail":{"width":150,"height":150,"mime-type":"image\/jpeg","filesize":7313,"url":"https:\/\/kulturinitiative-melk.at\/wp-content\/uploads\/2024\/01\/Museumsmanagement_Logo-150x150.jpg"},"medium_large":{"width":768,"height":316,"mime-type":"image\/jpeg","filesize":37289,"url":"https:\/\/kulturinitiative-melk.at\/wp-content\/uploads\/2024\/01\/Museumsmanagement_Logo-768x316.jpg"},"screenr-blog-grid-small":{"width":350,"height":200,"mime-type":"image\/jpeg","filesize":16685,"url":"https:\/\/kulturinitiative-melk.at\/wp-content\/uploads\/2024\/01\/Museumsmanagement_Logo-350x200.jpg"},"screenr-blog-grid":{"width":540,"height":300,"mime-type":"image\/jpeg","filesize":28434,"url":"https:\/\/kulturinitiative-melk.at\/wp-content\/uploads\/2024\/01\/Museumsmanagement_Logo-540x300.jpg"},"screenr-blog-list":{"width":790,"height":400,"mime-type":"image\/jpeg","filesize":41178,"url":"https:\/\/kulturinitiative-melk.at\/wp-content\/uploads\/2024\/01\/Museumsmanagement_Logo-790x400.jpg"},"screenr-service-small":{"width":538,"height":280,"mime-type":"image\/jpeg","filesize":27136,"url":"https:\/\/kulturinitiative-melk.at\/wp-content\/uploads\/2024\/01\/Museumsmanagement_Logo-538x280.jpg"},"screenr-thumbnail-team":{"width":340,"height":220,"mime-type":"image\/jpeg","filesize":17083,"url":"https:\/\/kulturinitiative-melk.at\/wp-content\/uploads\/2024\/01\/Museumsmanagement_Logo-340x220.jpg"}}},"all_day":true,"start_date":"2024-03-17 00:00:00","start_date_details":{"year":"2024","month":"03","day":"17","hour":"00","minutes":"00","seconds":"00"},"end_date":"2024-03-17 23:59:59","end_date_details":{"year":"2024","month":"03","day":"17","hour":"23","minutes":"59","seconds":"59"},"utc_start_date":"2024-03-16 23:00:00","utc_start_date_details":{"year":"2024","month":"03","day":"16","hour":"23","minutes":"00","seconds":"00"},"utc_end_date":"2024-03-17 22:59:59","utc_end_date_details":{"year":"2024","month":"03","day":"17","hour":"22","minutes":"59","seconds":"59"},"timezone":"Europe\/Vienna","timezone_abbr":"CET","cost":"","cost_details":{"currency_symbol":"","currency_code":"","currency_position":"prefix","values":[]},"website":"www.noemuseen.at\/museumstag\/","show_map":true,"show_map_link":false,"hide_from_listings":false,"sticky":false,"featured":false,"categories":[],"tags":[],"venue":{"id":2015,"author":"3","status":"publish","date":"2024-01-09 17:47:47","date_utc":"2024-01-09 16:47:47","modified":"2024-01-09 17:47:47","modified_utc":"2024-01-09 16:47:47","url":"https:\/\/kulturinitiative-melk.at\/?tribe_venue=melk","venue":"Melk","slug":"melk","json_ld":{"@type":"Place","name":"Melk","description":"","url":"","address":{"@type":"PostalAddress"},"telephone":"","sameAs":""},"show_map":true,"show_map_link":true,"global_id":"kulturinitiative-melk.at?id=2015","global_id_lineage":["kulturinitiative-melk.at?id=2015"]},"organizer":[],"json_ld":{"@context":"http:\/\/schema.org","@type":"Event","name":"Veranstaltungstipp (extern): N\u00d6 Museumstag","description":"&lt;p&gt;SAVE THE DATE 27. NIEDER\u00d6STERREICHISCHER MUSEUMSTAG AM 17. M\u00c4RZ 2024 IN MELK Museumstage widmen sich ausgew\u00e4hlten Themen der Museumspraxis in kompakter Form. Sie bieten den zahlreichen Teilnehmenden\u00a0eine wichtige Plattform f\u00fcr das gegenseitige Kennenlernen und den Austausch innerhalb der Museumsgemeinschaft. N\u00e4here Infos und Updates auf der Webseite des Museumsmanagement Nieder\u00f6sterreich: www.noemuseen.at\/museumstag\/&lt;\/p&gt;\\n","image":"https:\/\/kulturinitiative-melk.at\/wp-content\/uploads\/2024\/01\/Museumsmanagement_Logo.jpg","url":"https:\/\/kulturinitiative-melk.at\/?tribe_events=veranstaltungstipp-extern-noe-museumstag","eventAttendanceMode":"https:\/\/schema.org\/OfflineEventAttendanceMode","eventStatus":"https:\/\/schema.org\/EventScheduled","startDate":"2024-03-17T00:00:00+01:00","endDate":"2024-03-17T23:59:59+01:00","location":{"@type":"Place","name":"Melk","description":"","url":"","address":{"@type":"PostalAddress"},"telephone":"","sameAs":""},"performer":"Organization"}}