{"id":2002,"global_id":"kulturinitiative-melk.at?id=2002","global_id_lineage":["kulturinitiative-melk.at?id=2002"],"author":"3","status":"publish","date":"2024-01-09 17:35:54","date_utc":"2024-01-09 16:35:54","modified":"2024-01-09 17:39:02","modified_utc":"2024-01-09 16:39:02","url":"https:\/\/kulturinitiative-melk.at\/?tribe_events=mal-reinhoeren","rest_url":"https:\/\/kulturinitiative-melk.at\/index.php?rest_route=\/tribe\/events\/v1\/events\/2002","title":"Mal reinh\u00f6ren!","description":"<p>Eine Reihe von Lesungen, Erz\u00e4hlungen, Musikeinspielungen mit landeskundlichen und geschichtlichen Infos und eigenen kreativen Beitr\u00e4ge moderiert und organisiert von Riki Raderer und Ilse Kossarz.<\/p>\n<ul>\n<li>Jeden 3-ten Donnerstag des Monats um 18:30 -20:30<strong> im CAFE Mistelbacher<\/strong><\/li>\n<li><strong>&#8220;Mal reinh\u00f6ren&#8221;<\/strong> kommende Termine:\u00a0 15. Februar, 14. M\u00e4rz, 18.April, 16. Mai.<\/li>\n<\/ul>","excerpt":"","slug":"mal-reinhoeren","image":{"url":"https:\/\/kulturinitiative-melk.at\/wp-content\/uploads\/2024\/01\/Ohr.png","id":2003,"extension":"png","width":512,"height":512,"filesize":9766,"sizes":{"medium":{"width":300,"height":300,"mime-type":"image\/png","filesize":6933,"url":"https:\/\/kulturinitiative-melk.at\/wp-content\/uploads\/2024\/01\/Ohr-300x300.png"},"thumbnail":{"width":150,"height":150,"mime-type":"image\/png","filesize":3198,"url":"https:\/\/kulturinitiative-melk.at\/wp-content\/uploads\/2024\/01\/Ohr-150x150.png"},"screenr-blog-grid-small":{"width":350,"height":200,"mime-type":"image\/png","filesize":5531,"url":"https:\/\/kulturinitiative-melk.at\/wp-content\/uploads\/2024\/01\/Ohr-350x200.png"},"screenr-blog-grid":{"width":512,"height":300,"mime-type":"image\/png","filesize":6231,"url":"https:\/\/kulturinitiative-melk.at\/wp-content\/uploads\/2024\/01\/Ohr-512x300.png"},"screenr-blog-list":{"width":512,"height":400,"mime-type":"image\/png","filesize":8262,"url":"https:\/\/kulturinitiative-melk.at\/wp-content\/uploads\/2024\/01\/Ohr-512x400.png"},"screenr-service-small":{"width":512,"height":280,"mime-type":"image\/png","filesize":5893,"url":"https:\/\/kulturinitiative-melk.at\/wp-content\/uploads\/2024\/01\/Ohr-512x280.png"},"screenr-thumbnail-team":{"width":340,"height":220,"mime-type":"image\/png","filesize":6129,"url":"https:\/\/kulturinitiative-melk.at\/wp-content\/uploads\/2024\/01\/Ohr-340x220.png"}}},"all_day":false,"start_date":"2024-02-15 18:30:00","start_date_details":{"year":"2024","month":"02","day":"15","hour":"18","minutes":"30","seconds":"00"},"end_date":"2024-02-15 20:30:00","end_date_details":{"year":"2024","month":"02","day":"15","hour":"20","minutes":"30","seconds":"00"},"utc_start_date":"2024-02-15 17:30:00","utc_start_date_details":{"year":"2024","month":"02","day":"15","hour":"17","minutes":"30","seconds":"00"},"utc_end_date":"2024-02-15 19:30:00","utc_end_date_details":{"year":"2024","month":"02","day":"15","hour":"19","minutes":"30","seconds":"00"},"timezone":"Europe\/Vienna","timezone_abbr":"CET","cost":"","cost_details":{"currency_symbol":"","currency_code":"","currency_position":"prefix","values":[]},"website":"","show_map":true,"show_map_link":true,"hide_from_listings":false,"sticky":false,"featured":false,"categories":[{"name":"KIM-\u00f6ffentlich","slug":"kim-oeffentlich","term_group":0,"term_taxonomy_id":25,"taxonomy":"tribe_events_cat","description":"","parent":0,"count":21,"filter":"raw","id":25,"urls":{"self":"https:\/\/kulturinitiative-melk.at\/index.php?rest_route=\/tribe\/events\/v1\/categories\/25","collection":"https:\/\/kulturinitiative-melk.at\/index.php?rest_route=\/tribe\/events\/v1\/categories"}}],"tags":[],"venue":{"id":1714,"author":"3","status":"publish","date":"2023-05-23 10:47:31","date_utc":"2023-05-23 08:47:31","modified":"2024-02-23 14:14:46","modified_utc":"2024-02-23 13:14:46","url":"https:\/\/kulturinitiative-melk.at\/?tribe_venue=cafe-mistelbacher","venue":"Caf\u00e9 Mistlbacher","slug":"cafe-mistelbacher","json_ld":{"@type":"Place","name":"Caf\u00e9 Mistlbacher","description":"","url":"","address":{"@type":"PostalAddress"},"telephone":"","sameAs":""},"show_map":true,"show_map_link":true,"global_id":"kulturinitiative-melk.at?id=1714","global_id_lineage":["kulturinitiative-melk.at?id=1714"]},"organizer":[],"json_ld":{"@context":"http:\/\/schema.org","@type":"Event","name":"Mal reinh\u00f6ren!","description":"&lt;p&gt;Eine Reihe von Lesungen, Erz\u00e4hlungen, Musikeinspielungen mit landeskundlichen und geschichtlichen Infos und eigenen kreativen Beitr\u00e4ge moderiert und organisiert von Riki Raderer und Ilse Kossarz. Jeden 3-ten Donnerstag des Monats um 18:30 -20:30 im CAFE Mistelbacher &quot;Mal reinh\u00f6ren&quot; kommende Termine:\u00a0 15. Februar, 14. M\u00e4rz, 18.April, 16. Mai.&lt;\/p&gt;\\n","image":"https:\/\/kulturinitiative-melk.at\/wp-content\/uploads\/2024\/01\/Ohr.png","url":"https:\/\/kulturinitiative-melk.at\/?tribe_events=mal-reinhoeren","eventAttendanceMode":"https:\/\/schema.org\/OfflineEventAttendanceMode","eventStatus":"https:\/\/schema.org\/EventScheduled","startDate":"2024-02-15T18:30:00+01:00","endDate":"2024-02-15T20:30:00+01:00","location":{"@type":"Place","name":"Caf\u00e9 Mistlbacher","description":"","url":"","address":{"@type":"PostalAddress"},"telephone":"","sameAs":""},"performer":"Organization"}}