{"id":1994,"global_id":"kulturinitiative-melk.at?id=1994","global_id_lineage":["kulturinitiative-melk.at?id=1994"],"author":"3","status":"publish","date":"2024-01-09 17:26:06","date_utc":"2024-01-09 16:26:06","modified":"2024-01-09 17:26:06","modified_utc":"2024-01-09 16:26:06","url":"https:\/\/kulturinitiative-melk.at\/?tribe_events=kim-cafe-im-corrado","rest_url":"https:\/\/kulturinitiative-melk.at\/index.php?rest_route=\/tribe\/events\/v1\/events\/1994","title":"KIM-Caf\u00e9 im Corrado","description":"<p>KIM veranstaltet alle 2 Monate ein \u201eoffenes Jour fixe\u201c (*aka KIM-Caf\u00e9*).<br \/>\nWann: alle 2 Monate \u2013 Samstags ab 9:00 in einem wechselnden Lokal in Melk.<\/p>\n<p>Dabei freuen wir uns auf Gespr\u00e4che mit Vereinsmitgliedern, aber auch auf einen Austausch mit KIM-Interessierten, die wir so in lockerer Atmosph\u00e4re kennenlernen d\u00fcrfen.<br \/>\nEine gute Gelegenheit, f\u00fcr Gespr\u00e4che \u00fcber das Kulturleben in Melk, \u00fcber die Aktivit\u00e4ten von KIM und das Einbringen von Ideen.<\/p>\n<p><strong>Im J\u00e4nner sind wir im Caf\u00e9 Corrado.<\/strong><\/p>","excerpt":"","slug":"kim-cafe-im-corrado","image":{"url":"https:\/\/kulturinitiative-melk.at\/wp-content\/uploads\/2024\/01\/tasse.png","id":1995,"extension":"png","width":512,"height":512,"filesize":11708,"sizes":{"medium":{"width":300,"height":300,"mime-type":"image\/png","filesize":10787,"url":"https:\/\/kulturinitiative-melk.at\/wp-content\/uploads\/2024\/01\/tasse-300x300.png"},"thumbnail":{"width":150,"height":150,"mime-type":"image\/png","filesize":5110,"url":"https:\/\/kulturinitiative-melk.at\/wp-content\/uploads\/2024\/01\/tasse-150x150.png"},"screenr-blog-grid-small":{"width":350,"height":200,"mime-type":"image\/png","filesize":7135,"url":"https:\/\/kulturinitiative-melk.at\/wp-content\/uploads\/2024\/01\/tasse-350x200.png"},"screenr-blog-grid":{"width":512,"height":300,"mime-type":"image\/png","filesize":7634,"url":"https:\/\/kulturinitiative-melk.at\/wp-content\/uploads\/2024\/01\/tasse-512x300.png"},"screenr-blog-list":{"width":512,"height":400,"mime-type":"image\/png","filesize":10268,"url":"https:\/\/kulturinitiative-melk.at\/wp-content\/uploads\/2024\/01\/tasse-512x400.png"},"screenr-service-small":{"width":512,"height":280,"mime-type":"image\/png","filesize":6942,"url":"https:\/\/kulturinitiative-melk.at\/wp-content\/uploads\/2024\/01\/tasse-512x280.png"},"screenr-thumbnail-team":{"width":340,"height":220,"mime-type":"image\/png","filesize":7963,"url":"https:\/\/kulturinitiative-melk.at\/wp-content\/uploads\/2024\/01\/tasse-340x220.png"}}},"all_day":false,"start_date":"2024-01-20 09:00:00","start_date_details":{"year":"2024","month":"01","day":"20","hour":"09","minutes":"00","seconds":"00"},"end_date":"2024-01-20 10:30:00","end_date_details":{"year":"2024","month":"01","day":"20","hour":"10","minutes":"30","seconds":"00"},"utc_start_date":"2024-01-20 08:00:00","utc_start_date_details":{"year":"2024","month":"01","day":"20","hour":"08","minutes":"00","seconds":"00"},"utc_end_date":"2024-01-20 09:30:00","utc_end_date_details":{"year":"2024","month":"01","day":"20","hour":"09","minutes":"30","seconds":"00"},"timezone":"Europe\/Vienna","timezone_abbr":"CET","cost":"","cost_details":{"currency_symbol":"","currency_code":"","currency_position":"prefix","values":[]},"website":"","show_map":true,"show_map_link":true,"hide_from_listings":false,"sticky":false,"featured":false,"categories":[{"name":"KIM-\u00f6ffentlich","slug":"kim-oeffentlich","term_group":0,"term_taxonomy_id":25,"taxonomy":"tribe_events_cat","description":"","parent":0,"count":21,"filter":"raw","id":25,"urls":{"self":"https:\/\/kulturinitiative-melk.at\/index.php?rest_route=\/tribe\/events\/v1\/categories\/25","collection":"https:\/\/kulturinitiative-melk.at\/index.php?rest_route=\/tribe\/events\/v1\/categories"}}],"tags":[],"venue":[],"organizer":[],"json_ld":{"@context":"http:\/\/schema.org","@type":"Event","name":"KIM-Caf\u00e9 im Corrado","description":"&lt;p&gt;KIM veranstaltet alle 2 Monate ein \u201eoffenes Jour fixe\u201c (*aka KIM-Caf\u00e9*). Wann: alle 2 Monate \u2013 Samstags ab 9:00 in einem wechselnden Lokal in Melk. Dabei freuen wir uns auf Gespr\u00e4che mit Vereinsmitgliedern, aber auch auf einen Austausch mit KIM-Interessierten, die wir so in lockerer Atmosph\u00e4re kennenlernen d\u00fcrfen. Eine gute...&lt;\/p&gt;\\n","image":"https:\/\/kulturinitiative-melk.at\/wp-content\/uploads\/2024\/01\/tasse.png","url":"https:\/\/kulturinitiative-melk.at\/?tribe_events=kim-cafe-im-corrado","eventAttendanceMode":"https:\/\/schema.org\/OfflineEventAttendanceMode","eventStatus":"https:\/\/schema.org\/EventScheduled","startDate":"2024-01-20T09:00:00+01:00","endDate":"2024-01-20T10:30:00+01:00","performer":"Organization"}}