{"id":1939,"global_id":"kulturinitiative-melk.at?id=1939","global_id_lineage":["kulturinitiative-melk.at?id=1939"],"author":"3","status":"publish","date":"2023-11-10 21:13:55","date_utc":"2023-11-10 20:13:55","modified":"2023-11-29 17:53:36","modified_utc":"2023-11-29 16:53:36","url":"https:\/\/kulturinitiative-melk.at\/?tribe_events=donau-limes-ein-unesco-welterbe","rest_url":"https:\/\/kulturinitiative-melk.at\/index.php?rest_route=\/tribe\/events\/v1\/events\/1939","title":"DONAU-LIMES: Ein UNESCO-Welterbe","description":"<p style=\"text-align: right;\"><strong>Ein Vortrag von Dr. Chistian Hermmers (Welterbemanger):<\/strong><\/p>\n<hr \/>\n<p class=\"yiv2102518740MsoNormal\">Das R\u00f6mische Reich erstreckte sich einst bis in unsere Region und die Donau bildete die Grenze, den sogenannten \u201eLimes\u201c.<\/p>\n<p class=\"yiv2102518740MsoNormal\">Aus dieser fast 2000 Jahre zur\u00fcckliegenden Periode sind neben Fundgegenst\u00e4nden aus arch\u00e4ologischen Grabungen auch noch bauliche Reste von Wacht\u00fcrmen, Lagern oder ganzen Siedlungen zu finden.<\/p>\n<p>&nbsp;<\/p>\n<p class=\"yiv2102518740MsoNormal\">Aufgrund seiner Besonderheit wurde der Limes an der Donau im Jahr 2021 zum UNESCO Welterbe erhoben.<\/p>\n<p class=\"yiv2102518740MsoNormal\">Doch was bedeutet das genau und wozu wurde ein Management dieses Welterbes eingerichtet?<\/p>\n<p>&nbsp;<\/p>\n<p class=\"yiv2102518740MsoNormal\">N\u00e4heres erl\u00e4utert der <strong>Dr. Christian Hermmers<\/strong>, seit Mai 2023 Welterbemanager f\u00fcr das Welterbe Donaulimes in \u00d6sterreich<\/p>\n<p class=\"yiv2102518740MsoNormal\"><strong>Termin: <\/strong><\/p>\n<p class=\"yiv2102518740MsoNormal\">1. Dezember 2023 um 18:30<\/p>\n<p><strong>Ort: <\/strong><\/p>\n<p>Vortragssaal der Musikschule Melk,<\/p>\n<p>Bahnhofstr. 2, 3390\u00a0Melk<\/p>\n<p><strong>Eintritt: freie Spende<\/strong><\/p>\n<p><strong>\u00a0<\/strong><\/p>\n<p><strong>Dr. Christian Hemmers: <\/strong>geboren am 21. Mai 1975, Studium Klassische Arch\u00e4ologie und Alte Geschichte an der Paris-Lodron-Universit\u00e4t Salzburg<\/p>\n<p>N\u00e4heres zum Vortragenden unter: <a href=\"https:\/\/www.bibliothekderprovinz.at\/autor\/christian-hemmers\/\">https:\/\/www.bibliothekderprovinz.at\/autor\/christian-hemmers\/<\/a><\/p>\n<p>&nbsp;<\/p>\n<p><img loading=\"lazy\" decoding=\"async\" class=\"alignnone size-medium wp-image-1630\" src=\"https:\/\/kulturinitiative-melk.at\/wp-content\/uploads\/2023\/05\/roemerboot2-1-225x300.jpg\" alt=\"\" width=\"225\" height=\"300\" srcset=\"https:\/\/kulturinitiative-melk.at\/wp-content\/uploads\/2023\/05\/roemerboot2-1-225x300.jpg 225w, https:\/\/kulturinitiative-melk.at\/wp-content\/uploads\/2023\/05\/roemerboot2-1-768x1024.jpg 768w, https:\/\/kulturinitiative-melk.at\/wp-content\/uploads\/2023\/05\/roemerboot2-1-1152x1536.jpg 1152w, https:\/\/kulturinitiative-melk.at\/wp-content\/uploads\/2023\/05\/roemerboot2-1-1536x2048.jpg 1536w, https:\/\/kulturinitiative-melk.at\/wp-content\/uploads\/2023\/05\/roemerboot2-1-scaled.jpg 1920w\" sizes=\"auto, (max-width: 225px) 100vw, 225px\" \/><\/p>\n<p>Lesetipp zum Thema: der Nachbericht des Besuchs des R\u00f6merboots in Melk am 28. Juli 2022:<\/p>\n<p><a href=\"https:\/\/kulturinitiative-melk.at\/?p=1552\">Das R\u00f6merboot \u201cDanuvina Alacris\u201d in Melk \u2013 KIM (kulturinitiative-melk.at)<\/a><\/p>\n<p>&nbsp;<\/p>\n<p>&nbsp;<\/p>","excerpt":"","slug":"donau-limes-ein-unesco-welterbe","image":{"url":"https:\/\/kulturinitiative-melk.at\/wp-content\/uploads\/2023\/11\/A_Romai_Birodalom.jpg","id":1970,"extension":"jpg","width":1024,"height":966,"filesize":171240,"sizes":{"medium":{"width":300,"height":283,"mime-type":"image\/jpeg","filesize":16134,"url":"https:\/\/kulturinitiative-melk.at\/wp-content\/uploads\/2023\/11\/A_Romai_Birodalom-300x283.jpg"},"thumbnail":{"width":150,"height":150,"mime-type":"image\/jpeg","filesize":5448,"url":"https:\/\/kulturinitiative-melk.at\/wp-content\/uploads\/2023\/11\/A_Romai_Birodalom-150x150.jpg"},"medium_large":{"width":768,"height":725,"mime-type":"image\/jpeg","filesize":72902,"url":"https:\/\/kulturinitiative-melk.at\/wp-content\/uploads\/2023\/11\/A_Romai_Birodalom-768x725.jpg"},"screenr-blog-grid-small":{"width":350,"height":200,"mime-type":"image\/jpeg","filesize":14009,"url":"https:\/\/kulturinitiative-melk.at\/wp-content\/uploads\/2023\/11\/A_Romai_Birodalom-350x200.jpg"},"screenr-blog-grid":{"width":540,"height":300,"mime-type":"image\/jpeg","filesize":27792,"url":"https:\/\/kulturinitiative-melk.at\/wp-content\/uploads\/2023\/11\/A_Romai_Birodalom-540x300.jpg"},"screenr-blog-list":{"width":790,"height":400,"mime-type":"image\/jpeg","filesize":46171,"url":"https:\/\/kulturinitiative-melk.at\/wp-content\/uploads\/2023\/11\/A_Romai_Birodalom-790x400.jpg"},"screenr-service-small":{"width":538,"height":280,"mime-type":"image\/jpeg","filesize":26167,"url":"https:\/\/kulturinitiative-melk.at\/wp-content\/uploads\/2023\/11\/A_Romai_Birodalom-538x280.jpg"},"screenr-thumbnail-team":{"width":340,"height":220,"mime-type":"image\/jpeg","filesize":15186,"url":"https:\/\/kulturinitiative-melk.at\/wp-content\/uploads\/2023\/11\/A_Romai_Birodalom-340x220.jpg"}}},"all_day":false,"start_date":"2023-12-01 18:30:00","start_date_details":{"year":"2023","month":"12","day":"01","hour":"18","minutes":"30","seconds":"00"},"end_date":"2023-12-01 19:45:00","end_date_details":{"year":"2023","month":"12","day":"01","hour":"19","minutes":"45","seconds":"00"},"utc_start_date":"2023-12-01 17:30:00","utc_start_date_details":{"year":"2023","month":"12","day":"01","hour":"17","minutes":"30","seconds":"00"},"utc_end_date":"2023-12-01 18:45:00","utc_end_date_details":{"year":"2023","month":"12","day":"01","hour":"18","minutes":"45","seconds":"00"},"timezone":"Europe\/Vienna","timezone_abbr":"CET","cost":"","cost_details":{"currency_symbol":"","currency_code":"","currency_position":"prefix","values":[]},"website":"","show_map":true,"show_map_link":true,"hide_from_listings":false,"sticky":false,"featured":false,"categories":[{"name":"KIM-\u00f6ffentlich","slug":"kim-oeffentlich","term_group":0,"term_taxonomy_id":25,"taxonomy":"tribe_events_cat","description":"","parent":0,"count":21,"filter":"raw","id":25,"urls":{"self":"https:\/\/kulturinitiative-melk.at\/index.php?rest_route=\/tribe\/events\/v1\/categories\/25","collection":"https:\/\/kulturinitiative-melk.at\/index.php?rest_route=\/tribe\/events\/v1\/categories"}}],"tags":[{"name":"Arch\u00e4ologie","slug":"archaeologie","term_group":0,"term_taxonomy_id":72,"taxonomy":"post_tag","description":"","parent":0,"count":1,"filter":"raw","id":72,"urls":{"self":"https:\/\/kulturinitiative-melk.at\/index.php?rest_route=\/tribe\/events\/v1\/tags\/72","collection":"https:\/\/kulturinitiative-melk.at\/index.php?rest_route=\/tribe\/events\/v1\/tags"}},{"name":"Geschichte","slug":"geschichte","term_group":0,"term_taxonomy_id":48,"taxonomy":"post_tag","description":"","parent":0,"count":12,"filter":"raw","id":48,"urls":{"self":"https:\/\/kulturinitiative-melk.at\/index.php?rest_route=\/tribe\/events\/v1\/tags\/48","collection":"https:\/\/kulturinitiative-melk.at\/index.php?rest_route=\/tribe\/events\/v1\/tags"}},{"name":"KIM","slug":"kim","term_group":0,"term_taxonomy_id":41,"taxonomy":"post_tag","description":"","parent":0,"count":26,"filter":"raw","id":41,"urls":{"self":"https:\/\/kulturinitiative-melk.at\/index.php?rest_route=\/tribe\/events\/v1\/tags\/41","collection":"https:\/\/kulturinitiative-melk.at\/index.php?rest_route=\/tribe\/events\/v1\/tags"}},{"name":"LIMES","slug":"limes","term_group":0,"term_taxonomy_id":75,"taxonomy":"post_tag","description":"","parent":0,"count":2,"filter":"raw","id":75,"urls":{"self":"https:\/\/kulturinitiative-melk.at\/index.php?rest_route=\/tribe\/events\/v1\/tags\/75","collection":"https:\/\/kulturinitiative-melk.at\/index.php?rest_route=\/tribe\/events\/v1\/tags"}},{"name":"Museum","slug":"museum","term_group":0,"term_taxonomy_id":38,"taxonomy":"post_tag","description":"","parent":0,"count":8,"filter":"raw","id":38,"urls":{"self":"https:\/\/kulturinitiative-melk.at\/index.php?rest_route=\/tribe\/events\/v1\/tags\/38","collection":"https:\/\/kulturinitiative-melk.at\/index.php?rest_route=\/tribe\/events\/v1\/tags"}},{"name":"R\u00f6mer","slug":"roemer","term_group":0,"term_taxonomy_id":50,"taxonomy":"post_tag","description":"","parent":0,"count":5,"filter":"raw","id":50,"urls":{"self":"https:\/\/kulturinitiative-melk.at\/index.php?rest_route=\/tribe\/events\/v1\/tags\/50","collection":"https:\/\/kulturinitiative-melk.at\/index.php?rest_route=\/tribe\/events\/v1\/tags"}},{"name":"UNESCO","slug":"unesco","term_group":0,"term_taxonomy_id":73,"taxonomy":"post_tag","description":"","parent":0,"count":2,"filter":"raw","id":73,"urls":{"self":"https:\/\/kulturinitiative-melk.at\/index.php?rest_route=\/tribe\/events\/v1\/tags\/73","collection":"https:\/\/kulturinitiative-melk.at\/index.php?rest_route=\/tribe\/events\/v1\/tags"}},{"name":"vortrag","slug":"vortrag","term_group":0,"term_taxonomy_id":52,"taxonomy":"post_tag","description":"","parent":0,"count":4,"filter":"raw","id":52,"urls":{"self":"https:\/\/kulturinitiative-melk.at\/index.php?rest_route=\/tribe\/events\/v1\/tags\/52","collection":"https:\/\/kulturinitiative-melk.at\/index.php?rest_route=\/tribe\/events\/v1\/tags"}},{"name":"Welterbe","slug":"welterbe","term_group":0,"term_taxonomy_id":74,"taxonomy":"post_tag","description":"","parent":0,"count":2,"filter":"raw","id":74,"urls":{"self":"https:\/\/kulturinitiative-melk.at\/index.php?rest_route=\/tribe\/events\/v1\/tags\/74","collection":"https:\/\/kulturinitiative-melk.at\/index.php?rest_route=\/tribe\/events\/v1\/tags"}}],"venue":{"id":1341,"author":"1","status":"publish","date":"2023-02-12 11:37:52","date_utc":"2023-02-12 10:37:52","modified":"2023-11-10 21:15:55","modified_utc":"2023-11-10 20:15:55","url":"https:\/\/kulturinitiative-melk.at\/?tribe_venue=musikschule","venue":"Musikschule","slug":"musikschule","address":"Bahnhofstra\u00dfe 2","city":"Melk","country":"\u00d6sterreich","province":"Nieder\u00f6sterreich","zip":"3390","website":"https:\/\/www.musikschule-regionschallaburg.at\/","stateprovince":"Nieder\u00f6sterreich","json_ld":{"@type":"Place","name":"Musikschule","description":"","url":"","address":{"@type":"PostalAddress","streetAddress":"Bahnhofstra\u00dfe 2","addressLocality":"Melk","addressRegion":"Nieder\u00f6sterreich","postalCode":"3390","addressCountry":"\u00d6sterreich"},"telephone":"","sameAs":"https:\/\/www.musikschule-regionschallaburg.at\/"},"show_map":true,"show_map_link":true,"global_id":"kulturinitiative-melk.at?id=1341","global_id_lineage":["kulturinitiative-melk.at?id=1341"]},"organizer":[],"json_ld":{"@context":"http:\/\/schema.org","@type":"Event","name":"DONAU-LIMES: Ein UNESCO-Welterbe","description":"&lt;p&gt;Ein Vortrag von Dr. Chistian Hermmers (Welterbemanger): Das R\u00f6mische Reich erstreckte sich einst bis in unsere Region und die Donau bildete die Grenze, den sogenannten \u201eLimes\u201c. Aus dieser fast 2000 Jahre zur\u00fcckliegenden Periode sind neben Fundgegenst\u00e4nden aus arch\u00e4ologischen Grabungen auch noch bauliche Reste von Wacht\u00fcrmen, Lagern oder ganzen Siedlungen zu...&lt;\/p&gt;\\n","image":"https:\/\/kulturinitiative-melk.at\/wp-content\/uploads\/2023\/11\/A_Romai_Birodalom.jpg","url":"https:\/\/kulturinitiative-melk.at\/?tribe_events=donau-limes-ein-unesco-welterbe","eventAttendanceMode":"https:\/\/schema.org\/OfflineEventAttendanceMode","eventStatus":"https:\/\/schema.org\/EventScheduled","startDate":"2023-12-01T18:30:00+01:00","endDate":"2023-12-01T19:45:00+01:00","location":{"@type":"Place","name":"Musikschule","description":"","url":"","address":{"@type":"PostalAddress","streetAddress":"Bahnhofstra\u00dfe 2","addressLocality":"Melk","addressRegion":"Nieder\u00f6sterreich","postalCode":"3390","addressCountry":"\u00d6sterreich"},"telephone":"","sameAs":"https:\/\/www.musikschule-regionschallaburg.at\/"},"performer":"Organization"}}