{"id":1848,"global_id":"kulturinitiative-melk.at?id=1848","global_id_lineage":["kulturinitiative-melk.at?id=1848"],"author":"1","status":"publish","date":"2023-07-22 12:55:23","date_utc":"2023-07-22 10:55:23","modified":"2023-09-03 19:14:16","modified_utc":"2023-09-03 17:14:16","url":"https:\/\/kulturinitiative-melk.at\/?tribe_events=grenzen-ueberwinden-die-donauquerung-bei-melk-von-der-roemerzeit-bis-heute","rest_url":"https:\/\/kulturinitiative-melk.at\/index.php?rest_route=\/tribe\/events\/v1\/events\/1848","title":"&#8220;GRENZEN \u00dcBERWINDEN \u2013 Die Donauquerung bei Melk von der R\u00f6merzeit bis heute&#8221;","description":"<div class=\"xdj266r x11i5rnm xat24cr x1mh8g0r x1vvkbs x126k92a\">\n<div dir=\"auto\">Anl\u00e4sslich von 50 Jahre Donaubr\u00fccke Melk h\u00e4lt KIM-Vorstandsmitglied Anton Harrer einen historischen Vortrag mit dem Titel:<\/div>\n<div dir=\"auto\"><strong>\u201eGRENZEN \u00dcBERWINDEN \u2013 Die Donauquerung bei Melk von der R\u00f6merzeit bis heute\u201c<\/strong><\/div>\n<\/div>\n<div dir=\"auto\"><\/div>\n<div class=\"x11i5rnm xat24cr x1mh8g0r x1vvkbs xtlvy1s x126k92a\">\n<div dir=\"auto\">Anton \u201espannt\u201c darin den geschichtlichen Bogen \u00fcber rund 2.000 Jahre Donauquerung in Melk.<\/div>\n<\/div>\n<div dir=\"auto\"><\/div>\n<div dir=\"auto\"><strong>Wann:<\/strong><\/div>\n<div dir=\"auto\">Montag, 23. Oktober 2023<\/div>\n<div dir=\"auto\">19:00<\/div>\n<div dir=\"auto\"><\/div>\n<div dir=\"auto\"><strong>Wo: <\/strong><\/div>\n<div dir=\"auto\">&#8220;ROMEO-Saal&#8221;<\/div>\n<div dir=\"auto\">\n<div>\n<div class=\"vk_sh vk_bk\">\n<div class=\"aiAXrc\">Julius-Haidvogel-Gasse 6, 3390 Melk<\/div>\n<div>Vortragssaal der <em>Nibelungia Melk<\/em><\/div>\n<\/div>\n<div><\/div>\n<\/div>\n<\/div>\n<div><strong>Um Anmeldung per Mail wird gebeten:<\/strong><\/div>\n<div><a href=\"mailto:%20verein@kulturinitiative-melk.at\">verein@kulturinitiative-melk.at<\/a><\/div>\n<div dir=\"auto\">\n<div class=\"Uekwlc MdlnDb\">\n<div class=\"pBr83e\"><\/div>\n<\/div>\n<\/div>","excerpt":"","slug":"grenzen-ueberwinden-die-donauquerung-bei-melk-von-der-roemerzeit-bis-heute","image":{"url":"https:\/\/kulturinitiative-melk.at\/wp-content\/uploads\/2023\/07\/grenzen-ueberwinden.jpg","id":1849,"extension":"jpg","width":790,"height":400,"filesize":47127,"sizes":{"medium":{"width":300,"height":152,"mime-type":"image\/jpeg","filesize":9648,"url":"https:\/\/kulturinitiative-melk.at\/wp-content\/uploads\/2023\/07\/grenzen-ueberwinden-300x152.jpg"},"thumbnail":{"width":150,"height":150,"mime-type":"image\/jpeg","filesize":5714,"url":"https:\/\/kulturinitiative-melk.at\/wp-content\/uploads\/2023\/07\/grenzen-ueberwinden-150x150.jpg"},"medium_large":{"width":768,"height":389,"mime-type":"image\/jpeg","filesize":45852,"url":"https:\/\/kulturinitiative-melk.at\/wp-content\/uploads\/2023\/07\/grenzen-ueberwinden-768x389.jpg"},"screenr-blog-grid-small":{"width":350,"height":200,"mime-type":"image\/jpeg","filesize":14376,"url":"https:\/\/kulturinitiative-melk.at\/wp-content\/uploads\/2023\/07\/grenzen-ueberwinden-350x200.jpg"},"screenr-blog-grid":{"width":540,"height":300,"mime-type":"image\/jpeg","filesize":30218,"url":"https:\/\/kulturinitiative-melk.at\/wp-content\/uploads\/2023\/07\/grenzen-ueberwinden-540x300.jpg"},"screenr-service-small":{"width":538,"height":280,"mime-type":"image\/jpeg","filesize":27020,"url":"https:\/\/kulturinitiative-melk.at\/wp-content\/uploads\/2023\/07\/grenzen-ueberwinden-538x280.jpg"},"screenr-thumbnail-team":{"width":340,"height":220,"mime-type":"image\/jpeg","filesize":16033,"url":"https:\/\/kulturinitiative-melk.at\/wp-content\/uploads\/2023\/07\/grenzen-ueberwinden-340x220.jpg"}}},"all_day":false,"start_date":"2023-10-23 19:00:00","start_date_details":{"year":"2023","month":"10","day":"23","hour":"19","minutes":"00","seconds":"00"},"end_date":"2023-10-23 21:00:00","end_date_details":{"year":"2023","month":"10","day":"23","hour":"21","minutes":"00","seconds":"00"},"utc_start_date":"2023-10-23 17:00:00","utc_start_date_details":{"year":"2023","month":"10","day":"23","hour":"17","minutes":"00","seconds":"00"},"utc_end_date":"2023-10-23 19:00:00","utc_end_date_details":{"year":"2023","month":"10","day":"23","hour":"19","minutes":"00","seconds":"00"},"timezone":"Europe\/Vienna","timezone_abbr":"CEST","cost":"","cost_details":{"currency_symbol":"","currency_code":"","currency_position":"prefix","values":[]},"website":"","show_map":true,"show_map_link":true,"hide_from_listings":false,"sticky":false,"featured":false,"categories":[{"name":"KIM-\u00f6ffentlich","slug":"kim-oeffentlich","term_group":0,"term_taxonomy_id":25,"taxonomy":"tribe_events_cat","description":"","parent":0,"count":21,"filter":"raw","id":25,"urls":{"self":"https:\/\/kulturinitiative-melk.at\/index.php?rest_route=\/tribe\/events\/v1\/categories\/25","collection":"https:\/\/kulturinitiative-melk.at\/index.php?rest_route=\/tribe\/events\/v1\/categories"}}],"tags":[{"name":"Anton","slug":"anton","term_group":0,"term_taxonomy_id":61,"taxonomy":"post_tag","description":"","parent":0,"count":3,"filter":"raw","id":61,"urls":{"self":"https:\/\/kulturinitiative-melk.at\/index.php?rest_route=\/tribe\/events\/v1\/tags\/61","collection":"https:\/\/kulturinitiative-melk.at\/index.php?rest_route=\/tribe\/events\/v1\/tags"}},{"name":"Donau","slug":"donau","term_group":0,"term_taxonomy_id":63,"taxonomy":"post_tag","description":"","parent":0,"count":5,"filter":"raw","id":63,"urls":{"self":"https:\/\/kulturinitiative-melk.at\/index.php?rest_route=\/tribe\/events\/v1\/tags\/63","collection":"https:\/\/kulturinitiative-melk.at\/index.php?rest_route=\/tribe\/events\/v1\/tags"}},{"name":"Donaubr\u00fccke","slug":"donaubruecke","term_group":0,"term_taxonomy_id":64,"taxonomy":"post_tag","description":"","parent":0,"count":1,"filter":"raw","id":64,"urls":{"self":"https:\/\/kulturinitiative-melk.at\/index.php?rest_route=\/tribe\/events\/v1\/tags\/64","collection":"https:\/\/kulturinitiative-melk.at\/index.php?rest_route=\/tribe\/events\/v1\/tags"}},{"name":"Geschichte","slug":"geschichte","term_group":0,"term_taxonomy_id":48,"taxonomy":"post_tag","description":"","parent":0,"count":12,"filter":"raw","id":48,"urls":{"self":"https:\/\/kulturinitiative-melk.at\/index.php?rest_route=\/tribe\/events\/v1\/tags\/48","collection":"https:\/\/kulturinitiative-melk.at\/index.php?rest_route=\/tribe\/events\/v1\/tags"}},{"name":"Harrer","slug":"harrer","term_group":0,"term_taxonomy_id":62,"taxonomy":"post_tag","description":"","parent":0,"count":3,"filter":"raw","id":62,"urls":{"self":"https:\/\/kulturinitiative-melk.at\/index.php?rest_route=\/tribe\/events\/v1\/tags\/62","collection":"https:\/\/kulturinitiative-melk.at\/index.php?rest_route=\/tribe\/events\/v1\/tags"}},{"name":"KIM","slug":"kim","term_group":0,"term_taxonomy_id":41,"taxonomy":"post_tag","description":"","parent":0,"count":26,"filter":"raw","id":41,"urls":{"self":"https:\/\/kulturinitiative-melk.at\/index.php?rest_route=\/tribe\/events\/v1\/tags\/41","collection":"https:\/\/kulturinitiative-melk.at\/index.php?rest_route=\/tribe\/events\/v1\/tags"}},{"name":"R\u00f6mer","slug":"roemer","term_group":0,"term_taxonomy_id":50,"taxonomy":"post_tag","description":"","parent":0,"count":5,"filter":"raw","id":50,"urls":{"self":"https:\/\/kulturinitiative-melk.at\/index.php?rest_route=\/tribe\/events\/v1\/tags\/50","collection":"https:\/\/kulturinitiative-melk.at\/index.php?rest_route=\/tribe\/events\/v1\/tags"}},{"name":"vortrag","slug":"vortrag","term_group":0,"term_taxonomy_id":52,"taxonomy":"post_tag","description":"","parent":0,"count":4,"filter":"raw","id":52,"urls":{"self":"https:\/\/kulturinitiative-melk.at\/index.php?rest_route=\/tribe\/events\/v1\/tags\/52","collection":"https:\/\/kulturinitiative-melk.at\/index.php?rest_route=\/tribe\/events\/v1\/tags"}}],"venue":[],"organizer":[{"id":1417,"author":"1","status":"publish","date":"2023-04-08 09:15:57","date_utc":"2023-04-08 07:15:57","modified":"2023-04-08 09:15:57","modified_utc":"2023-04-08 07:15:57","url":"https:\/\/kulturinitiative-melk.at\/?tribe_organizer=kim","organizer":"KIM","slug":"kim","json_ld":{"@type":"Person","name":"KIM","description":"","url":"","telephone":"","email":"","sameAs":""},"global_id":"kulturinitiative-melk.at?id=1417","global_id_lineage":["kulturinitiative-melk.at?id=1417"]}],"json_ld":{"@context":"http:\/\/schema.org","@type":"Event","name":"&#8220;GRENZEN \u00dcBERWINDEN \u2013 Die Donauquerung bei Melk von der R\u00f6merzeit bis heute&#8221;","description":"&lt;p&gt;Anl\u00e4sslich von 50 Jahre Donaubr\u00fccke Melk h\u00e4lt KIM-Vorstandsmitglied Anton Harrer einen historischen Vortrag mit dem Titel: \u201eGRENZEN \u00dcBERWINDEN \u2013 Die Donauquerung bei Melk von der R\u00f6merzeit bis heute\u201c Anton \u201espannt\u201c darin den geschichtlichen Bogen \u00fcber rund 2.000 Jahre Donauquerung in Melk. Wann: Montag, 23. Oktober 2023 19:00 Wo: &quot;ROMEO-Saal&quot; Julius-Haidvogel-Gasse...&lt;\/p&gt;\\n","image":"https:\/\/kulturinitiative-melk.at\/wp-content\/uploads\/2023\/07\/grenzen-ueberwinden.jpg","url":"https:\/\/kulturinitiative-melk.at\/?tribe_events=grenzen-ueberwinden-die-donauquerung-bei-melk-von-der-roemerzeit-bis-heute","eventAttendanceMode":"https:\/\/schema.org\/OfflineEventAttendanceMode","eventStatus":"https:\/\/schema.org\/EventScheduled","startDate":"2023-10-23T19:00:00+02:00","endDate":"2023-10-23T21:00:00+02:00","organizer":{"@type":"Person","name":"KIM","description":"","url":"","telephone":"","email":"","sameAs":""},"performer":"Organization"}}