{"id":1793,"global_id":"kulturinitiative-melk.at?id=1793","global_id_lineage":["kulturinitiative-melk.at?id=1793"],"author":"1","status":"publish","date":"2023-07-02 14:00:31","date_utc":"2023-07-02 12:00:31","modified":"2023-08-28 23:02:12","modified_utc":"2023-08-28 21:02:12","url":"https:\/\/kulturinitiative-melk.at\/?tribe_events=kim-friends-auf-der-schallaburg","rest_url":"https:\/\/kulturinitiative-melk.at\/index.php?rest_route=\/tribe\/events\/v1\/events\/1793","title":"KIM &#038; Friends auf der Schallaburg","description":"<p>Hier geht es zum Nachbericht: <a href=\"https:\/\/kulturinitiative-melk.at\/?p=1857\">https:\/\/kulturinitiative-melk.at\/?p=1857<\/a><\/p>\n<p>&nbsp;<\/p>\n<p><strong>KIM l\u00e4dt zum gemeinsamen Besuch auf die Schallaburg!<\/strong><\/p>\n<p>Eine<strong> exklusive Baustellen- und Backstagef\u00fchrung<\/strong> mit Schallaburg-Gesch\u00e4ftsf\u00fchrer Peter Fritz.<\/p>\n<p>Treffpunkt ist um 14:45, Start der F\u00fchrung p\u00fcnktlich um 15:00.<\/p>\n<p>Nach der F\u00fchrung gibt es die M\u00f6glichkeit f\u00fcr einen gem\u00fctlichen Ausklang im Schlossrestaurant.<\/p>\n<p>&nbsp;<\/p>\n<p><strong>Eine Anmeldung ist nicht zwingend erforderlich, wird aber aus organisatorischen Gr\u00fcnden erbeten.<\/strong><\/p>\n<p>Man muss kein KIM-Mitglied sein, um an der F\u00fchrung teilnehmen zu k\u00f6nnen. Wir freuen uns auch \u00fcber FreundInnen und neue Gesichter (KIM &amp; Friends).<\/p>\n<p><strong>Per Mail an:<\/strong><\/p>\n<p><strong>verein@kulturinitiative-melk.at<\/strong><\/p>\n<p><strong><img loading=\"lazy\" decoding=\"async\" class=\"alignnone size-medium wp-image-1842\" src=\"https:\/\/kulturinitiative-melk.at\/wp-content\/uploads\/2023\/07\/1689886118384-169x300.jpg\" alt=\"\" width=\"169\" height=\"300\" srcset=\"https:\/\/kulturinitiative-melk.at\/wp-content\/uploads\/2023\/07\/1689886118384-169x300.jpg 169w, https:\/\/kulturinitiative-melk.at\/wp-content\/uploads\/2023\/07\/1689886118384-576x1024.jpg 576w, https:\/\/kulturinitiative-melk.at\/wp-content\/uploads\/2023\/07\/1689886118384-768x1365.jpg 768w, https:\/\/kulturinitiative-melk.at\/wp-content\/uploads\/2023\/07\/1689886118384-864x1536.jpg 864w, https:\/\/kulturinitiative-melk.at\/wp-content\/uploads\/2023\/07\/1689886118384.jpg 1080w\" sizes=\"auto, (max-width: 169px) 100vw, 169px\" \/><\/strong><\/p>\n<p><strong>N\u00e4here Infos:<\/strong><\/p>\n<p>Das nahe Melk gelegene Renaissanceschloss z\u00e4hlt zu den Fixpunkten des Ausstellungskalenders. 2023 widmet sich die Schallaburg dem Thema &gt;<strong>&gt;<a href=\"https:\/\/www.schallaburg.at\/de\/ausstellungen\/2023-kind-sein\">KIND SEIN<\/a>&lt;&lt;<\/strong>.<\/p>\n<p>Neben der Ausstellung besteht auch die M\u00f6glichkeit, sich \u00fcber die die aktuellen Renovierungsprojekte auf der Schallaburg zu informieren.<\/p>\n<p>&nbsp;<\/p>\n<p><strong>Anreise:<\/strong><\/p>\n<p>Hinweise zur Anreise gibt es direkt auf der Seite der Schallaburg:<\/p>\n<p><a href=\"https:\/\/www.schallaburg.at\/de\/schallaburg\">https:\/\/www.schallaburg.at\/de\/schallaburg<\/a><\/p>\n<p>&nbsp;<\/p>\n<p>&nbsp;<\/p>","excerpt":"","slug":"kim-friends-auf-der-schallaburg","image":{"url":"https:\/\/kulturinitiative-melk.at\/wp-content\/uploads\/2023\/07\/1689886118384.jpg","id":1842,"extension":"jpg","width":1080,"height":1920,"filesize":172713,"sizes":{"medium":{"width":169,"height":300,"mime-type":"image\/jpeg","filesize":13083,"url":"https:\/\/kulturinitiative-melk.at\/wp-content\/uploads\/2023\/07\/1689886118384-169x300.jpg"},"large":{"width":576,"height":1024,"mime-type":"image\/jpeg","filesize":89434,"url":"https:\/\/kulturinitiative-melk.at\/wp-content\/uploads\/2023\/07\/1689886118384-576x1024.jpg"},"thumbnail":{"width":150,"height":150,"mime-type":"image\/jpeg","filesize":6979,"url":"https:\/\/kulturinitiative-melk.at\/wp-content\/uploads\/2023\/07\/1689886118384-150x150.jpg"},"medium_large":{"width":768,"height":1365,"mime-type":"image\/jpeg","filesize":141397,"url":"https:\/\/kulturinitiative-melk.at\/wp-content\/uploads\/2023\/07\/1689886118384-768x1365.jpg"},"1536x1536":{"width":864,"height":1536,"mime-type":"image\/jpeg","filesize":168848,"url":"https:\/\/kulturinitiative-melk.at\/wp-content\/uploads\/2023\/07\/1689886118384-864x1536.jpg"},"screenr-blog-grid-small":{"width":350,"height":200,"mime-type":"image\/jpeg","filesize":15906,"url":"https:\/\/kulturinitiative-melk.at\/wp-content\/uploads\/2023\/07\/1689886118384-350x200.jpg"},"screenr-blog-grid":{"width":540,"height":300,"mime-type":"image\/jpeg","filesize":31855,"url":"https:\/\/kulturinitiative-melk.at\/wp-content\/uploads\/2023\/07\/1689886118384-540x300.jpg"},"screenr-blog-list":{"width":790,"height":400,"mime-type":"image\/jpeg","filesize":53316,"url":"https:\/\/kulturinitiative-melk.at\/wp-content\/uploads\/2023\/07\/1689886118384-790x400.jpg"},"screenr-service-small":{"width":538,"height":280,"mime-type":"image\/jpeg","filesize":29450,"url":"https:\/\/kulturinitiative-melk.at\/wp-content\/uploads\/2023\/07\/1689886118384-538x280.jpg"},"screenr-thumbnail-team":{"width":340,"height":220,"mime-type":"image\/jpeg","filesize":17051,"url":"https:\/\/kulturinitiative-melk.at\/wp-content\/uploads\/2023\/07\/1689886118384-340x220.jpg"}}},"all_day":false,"start_date":"2023-08-18 15:00:00","start_date_details":{"year":"2023","month":"08","day":"18","hour":"15","minutes":"00","seconds":"00"},"end_date":"2023-08-18 16:30:00","end_date_details":{"year":"2023","month":"08","day":"18","hour":"16","minutes":"30","seconds":"00"},"utc_start_date":"2023-08-18 13:00:00","utc_start_date_details":{"year":"2023","month":"08","day":"18","hour":"13","minutes":"00","seconds":"00"},"utc_end_date":"2023-08-18 14:30:00","utc_end_date_details":{"year":"2023","month":"08","day":"18","hour":"14","minutes":"30","seconds":"00"},"timezone":"Europe\/Vienna","timezone_abbr":"CEST","cost":"","cost_details":{"currency_symbol":"","currency_code":"","currency_position":"prefix","values":[]},"website":"","show_map":true,"show_map_link":true,"hide_from_listings":false,"sticky":false,"featured":false,"categories":[{"name":"KIM-\u00f6ffentlich","slug":"kim-oeffentlich","term_group":0,"term_taxonomy_id":25,"taxonomy":"tribe_events_cat","description":"","parent":0,"count":21,"filter":"raw","id":25,"urls":{"self":"https:\/\/kulturinitiative-melk.at\/index.php?rest_route=\/tribe\/events\/v1\/categories\/25","collection":"https:\/\/kulturinitiative-melk.at\/index.php?rest_route=\/tribe\/events\/v1\/categories"}}],"tags":[{"name":"Ausstellung","slug":"ausstellung","term_group":0,"term_taxonomy_id":60,"taxonomy":"post_tag","description":"","parent":0,"count":4,"filter":"raw","id":60,"urls":{"self":"https:\/\/kulturinitiative-melk.at\/index.php?rest_route=\/tribe\/events\/v1\/tags\/60","collection":"https:\/\/kulturinitiative-melk.at\/index.php?rest_route=\/tribe\/events\/v1\/tags"}},{"name":"Exkursion","slug":"exkursion","term_group":0,"term_taxonomy_id":47,"taxonomy":"post_tag","description":"","parent":0,"count":5,"filter":"raw","id":47,"urls":{"self":"https:\/\/kulturinitiative-melk.at\/index.php?rest_route=\/tribe\/events\/v1\/tags\/47","collection":"https:\/\/kulturinitiative-melk.at\/index.php?rest_route=\/tribe\/events\/v1\/tags"}},{"name":"KIM","slug":"kim","term_group":0,"term_taxonomy_id":41,"taxonomy":"post_tag","description":"","parent":0,"count":26,"filter":"raw","id":41,"urls":{"self":"https:\/\/kulturinitiative-melk.at\/index.php?rest_route=\/tribe\/events\/v1\/tags\/41","collection":"https:\/\/kulturinitiative-melk.at\/index.php?rest_route=\/tribe\/events\/v1\/tags"}},{"name":"Kultur","slug":"kultur","term_group":0,"term_taxonomy_id":59,"taxonomy":"post_tag","description":"","parent":0,"count":8,"filter":"raw","id":59,"urls":{"self":"https:\/\/kulturinitiative-melk.at\/index.php?rest_route=\/tribe\/events\/v1\/tags\/59","collection":"https:\/\/kulturinitiative-melk.at\/index.php?rest_route=\/tribe\/events\/v1\/tags"}},{"name":"Schallaburg","slug":"schallaburg","term_group":0,"term_taxonomy_id":58,"taxonomy":"post_tag","description":"","parent":0,"count":3,"filter":"raw","id":58,"urls":{"self":"https:\/\/kulturinitiative-melk.at\/index.php?rest_route=\/tribe\/events\/v1\/tags\/58","collection":"https:\/\/kulturinitiative-melk.at\/index.php?rest_route=\/tribe\/events\/v1\/tags"}}],"venue":{"id":1844,"author":"3","status":"publish","date":"2023-07-20 22:53:53","date_utc":"2023-07-20 20:53:53","modified":"2023-07-20 22:53:53","modified_utc":"2023-07-20 20:53:53","url":"https:\/\/kulturinitiative-melk.at\/?tribe_venue=schallaburg","venue":"Schallaburg","slug":"schallaburg","address":"Schallaburg 1","city":"Schallaburg","zip":"3382","website":"https:\/\/www.schallaburg.at\/de\/besuch","json_ld":{"@type":"Place","name":"Schallaburg","description":"","url":"","address":{"@type":"PostalAddress","streetAddress":"Schallaburg 1","addressLocality":"Schallaburg","postalCode":"3382"},"telephone":"","sameAs":"https:\/\/www.schallaburg.at\/de\/besuch"},"show_map":true,"show_map_link":true,"global_id":"kulturinitiative-melk.at?id=1844","global_id_lineage":["kulturinitiative-melk.at?id=1844"]},"organizer":[],"json_ld":{"@context":"http:\/\/schema.org","@type":"Event","name":"KIM &#038; Friends auf der Schallaburg","description":"&lt;p&gt;Hier geht es zum Nachbericht: https:\/\/kulturinitiative-melk.at\/?p=1857 &nbsp; KIM l\u00e4dt zum gemeinsamen Besuch auf die Schallaburg! Eine exklusive Baustellen- und Backstagef\u00fchrung mit Schallaburg-Gesch\u00e4ftsf\u00fchrer Peter Fritz. Treffpunkt ist um 14:45, Start der F\u00fchrung p\u00fcnktlich um 15:00. Nach der F\u00fchrung gibt es die M\u00f6glichkeit f\u00fcr einen gem\u00fctlichen Ausklang im Schlossrestaurant. &nbsp; Eine Anmeldung...&lt;\/p&gt;\\n","image":"https:\/\/kulturinitiative-melk.at\/wp-content\/uploads\/2023\/07\/1689886118384.jpg","url":"https:\/\/kulturinitiative-melk.at\/?tribe_events=kim-friends-auf-der-schallaburg","eventAttendanceMode":"https:\/\/schema.org\/OfflineEventAttendanceMode","eventStatus":"https:\/\/schema.org\/EventScheduled","startDate":"2023-08-18T15:00:00+02:00","endDate":"2023-08-18T16:30:00+02:00","location":{"@type":"Place","name":"Schallaburg","description":"","url":"","address":{"@type":"PostalAddress","streetAddress":"Schallaburg 1","addressLocality":"Schallaburg","postalCode":"3382"},"telephone":"","sameAs":"https:\/\/www.schallaburg.at\/de\/besuch"},"performer":"Organization"}}