{"id":1788,"global_id":"kulturinitiative-melk.at?id=1788","global_id_lineage":["kulturinitiative-melk.at?id=1788"],"author":"1","status":"publish","date":"2023-07-02 13:47:05","date_utc":"2023-07-02 11:47:05","modified":"2023-07-18 09:27:33","modified_utc":"2023-07-18 07:27:33","url":"https:\/\/kulturinitiative-melk.at\/?tribe_events=kuenstlerfuehrung-bh-melk-mit-harald-ofner","rest_url":"https:\/\/kulturinitiative-melk.at\/index.php?rest_route=\/tribe\/events\/v1\/events\/1788","title":"K\u00fcnstlerf\u00fchrung mit Harald Ofner","description":"<p>Hier geht es zum Nachbericht:<\/p>\n<blockquote class=\"wp-embedded-content\" data-secret=\"kTys9hNfYO\"><p><a href=\"https:\/\/kulturinitiative-melk.at\/?p=1817\">Exklusive &#8220;EINBLICKE&#8221;<\/a><\/p><\/blockquote>\n<p><iframe loading=\"lazy\" class=\"wp-embedded-content\" sandbox=\"allow-scripts\" security=\"restricted\" style=\"position: absolute; clip: rect(1px, 1px, 1px, 1px);\" title=\"&#8222;Exklusive &#8220;EINBLICKE&#8221;&#8220; &#8212; KIM\" src=\"https:\/\/kulturinitiative-melk.at\/?p=1817&#038;embed=true#?secret=QNeKJYJ1Ag#?secret=kTys9hNfYO\" data-secret=\"kTys9hNfYO\" width=\"600\" height=\"338\" frameborder=\"0\" marginwidth=\"0\" marginheight=\"0\" scrolling=\"no\"><\/iframe><\/p>\n<p>&nbsp;<\/p>\n<p>&nbsp;<\/p>\n<p>KIM l\u00e4dt ein\u00a0 zur kostenlosen K\u00fcnstlerf\u00fchrung mit Harald Ofner zu seiner Ausstellung &gt;&gt;EINBLICKE&lt;&lt;, die bis Mitte Oktober in der Galerie der Bezirkshauptmannschaft Melk gezeigt wird.<\/p>\n<p>Der in Melk lebende und schaffende K\u00fcnstler widmet in seiner aktuellen Ausstellung insbesondere den verschiedenen Spielarten des Materialdruckes. Besondere Schwerpunkte spielen dabei seine &#8220;Relief-Serien&#8221; sowie Farbmodulationen.<\/p>\n<p><img loading=\"lazy\" decoding=\"async\" class=\"alignnone size-medium wp-image-1789\" src=\"https:\/\/kulturinitiative-melk.at\/wp-content\/uploads\/2023\/07\/1688298194216-216x300.jpg\" alt=\"\" width=\"216\" height=\"300\" srcset=\"https:\/\/kulturinitiative-melk.at\/wp-content\/uploads\/2023\/07\/1688298194216-216x300.jpg 216w, https:\/\/kulturinitiative-melk.at\/wp-content\/uploads\/2023\/07\/1688298194216-738x1024.jpg 738w, https:\/\/kulturinitiative-melk.at\/wp-content\/uploads\/2023\/07\/1688298194216-768x1066.jpg 768w, https:\/\/kulturinitiative-melk.at\/wp-content\/uploads\/2023\/07\/1688298194216.jpg 1080w\" sizes=\"auto, (max-width: 216px) 100vw, 216px\" \/><\/p>\n<p>Beginn der K\u00fcnstlerf\u00fchrung ist 17:30 in der Bezirkshauptmannschaft Melk. (Abt Karl-Stra\u00dfe 25a, 3390 Melk)<\/p>\n<p>Die Teilnahme an der K\u00fcnstlerf\u00fchrung ist kostenlos.<\/p>\n<p>&nbsp;<\/p>","excerpt":"","slug":"kuenstlerfuehrung-bh-melk-mit-harald-ofner","image":{"url":"https:\/\/kulturinitiative-melk.at\/wp-content\/uploads\/2023\/07\/1688298194216.jpg","id":1789,"extension":"jpg","width":1080,"height":1499,"filesize":59621,"sizes":{"medium":{"width":216,"height":300,"mime-type":"image\/jpeg","filesize":7715,"url":"https:\/\/kulturinitiative-melk.at\/wp-content\/uploads\/2023\/07\/1688298194216-216x300.jpg"},"large":{"width":738,"height":1024,"mime-type":"image\/jpeg","filesize":52469,"url":"https:\/\/kulturinitiative-melk.at\/wp-content\/uploads\/2023\/07\/1688298194216-738x1024.jpg"},"thumbnail":{"width":150,"height":150,"mime-type":"image\/jpeg","filesize":3394,"url":"https:\/\/kulturinitiative-melk.at\/wp-content\/uploads\/2023\/07\/1688298194216-150x150.jpg"},"medium_large":{"width":768,"height":1066,"mime-type":"image\/jpeg","filesize":55858,"url":"https:\/\/kulturinitiative-melk.at\/wp-content\/uploads\/2023\/07\/1688298194216-768x1066.jpg"},"screenr-blog-grid-small":{"width":350,"height":200,"mime-type":"image\/jpeg","filesize":5952,"url":"https:\/\/kulturinitiative-melk.at\/wp-content\/uploads\/2023\/07\/1688298194216-350x200.jpg"},"screenr-blog-grid":{"width":540,"height":300,"mime-type":"image\/jpeg","filesize":10687,"url":"https:\/\/kulturinitiative-melk.at\/wp-content\/uploads\/2023\/07\/1688298194216-540x300.jpg"},"screenr-blog-list":{"width":790,"height":400,"mime-type":"image\/jpeg","filesize":17146,"url":"https:\/\/kulturinitiative-melk.at\/wp-content\/uploads\/2023\/07\/1688298194216-790x400.jpg"},"screenr-service-small":{"width":538,"height":280,"mime-type":"image\/jpeg","filesize":9689,"url":"https:\/\/kulturinitiative-melk.at\/wp-content\/uploads\/2023\/07\/1688298194216-538x280.jpg"},"screenr-thumbnail-team":{"width":340,"height":220,"mime-type":"image\/jpeg","filesize":6596,"url":"https:\/\/kulturinitiative-melk.at\/wp-content\/uploads\/2023\/07\/1688298194216-340x220.jpg"}}},"all_day":false,"start_date":"2023-07-17 17:30:00","start_date_details":{"year":"2023","month":"07","day":"17","hour":"17","minutes":"30","seconds":"00"},"end_date":"2023-07-17 18:30:00","end_date_details":{"year":"2023","month":"07","day":"17","hour":"18","minutes":"30","seconds":"00"},"utc_start_date":"2023-07-17 15:30:00","utc_start_date_details":{"year":"2023","month":"07","day":"17","hour":"15","minutes":"30","seconds":"00"},"utc_end_date":"2023-07-17 16:30:00","utc_end_date_details":{"year":"2023","month":"07","day":"17","hour":"16","minutes":"30","seconds":"00"},"timezone":"Europe\/Vienna","timezone_abbr":"CEST","cost":"","cost_details":{"currency_symbol":"","currency_code":"","currency_position":"prefix","values":[]},"website":"","show_map":true,"show_map_link":true,"hide_from_listings":false,"sticky":false,"featured":false,"categories":[],"tags":[{"name":"Galerie","slug":"galerie","term_group":0,"term_taxonomy_id":44,"taxonomy":"post_tag","description":"","parent":0,"count":2,"filter":"raw","id":44,"urls":{"self":"https:\/\/kulturinitiative-melk.at\/index.php?rest_route=\/tribe\/events\/v1\/tags\/44","collection":"https:\/\/kulturinitiative-melk.at\/index.php?rest_route=\/tribe\/events\/v1\/tags"}},{"name":"KIM","slug":"kim","term_group":0,"term_taxonomy_id":41,"taxonomy":"post_tag","description":"","parent":0,"count":26,"filter":"raw","id":41,"urls":{"self":"https:\/\/kulturinitiative-melk.at\/index.php?rest_route=\/tribe\/events\/v1\/tags\/41","collection":"https:\/\/kulturinitiative-melk.at\/index.php?rest_route=\/tribe\/events\/v1\/tags"}},{"name":"Kunst","slug":"kunst","term_group":0,"term_taxonomy_id":45,"taxonomy":"post_tag","description":"","parent":0,"count":6,"filter":"raw","id":45,"urls":{"self":"https:\/\/kulturinitiative-melk.at\/index.php?rest_route=\/tribe\/events\/v1\/tags\/45","collection":"https:\/\/kulturinitiative-melk.at\/index.php?rest_route=\/tribe\/events\/v1\/tags"}},{"name":"Vernissage","slug":"vernissage","term_group":0,"term_taxonomy_id":46,"taxonomy":"post_tag","description":"","parent":0,"count":1,"filter":"raw","id":46,"urls":{"self":"https:\/\/kulturinitiative-melk.at\/index.php?rest_route=\/tribe\/events\/v1\/tags\/46","collection":"https:\/\/kulturinitiative-melk.at\/index.php?rest_route=\/tribe\/events\/v1\/tags"}}],"venue":[],"organizer":[],"json_ld":{"@context":"http:\/\/schema.org","@type":"Event","name":"K\u00fcnstlerf\u00fchrung mit Harald Ofner","description":"&lt;p&gt;Hier geht es zum Nachbericht: https:\/\/kulturinitiative-melk.at\/?p=1817 &nbsp; &nbsp; KIM l\u00e4dt ein\u00a0 zur kostenlosen K\u00fcnstlerf\u00fchrung mit Harald Ofner zu seiner Ausstellung &gt;&gt;EINBLICKE&lt;&lt;, die bis Mitte Oktober in der Galerie der Bezirkshauptmannschaft Melk gezeigt wird. Der in Melk lebende und schaffende K\u00fcnstler widmet in seiner aktuellen Ausstellung insbesondere den verschiedenen Spielarten des...&lt;\/p&gt;\\n","image":"https:\/\/kulturinitiative-melk.at\/wp-content\/uploads\/2023\/07\/1688298194216.jpg","url":"https:\/\/kulturinitiative-melk.at\/?tribe_events=kuenstlerfuehrung-bh-melk-mit-harald-ofner","eventAttendanceMode":"https:\/\/schema.org\/OfflineEventAttendanceMode","eventStatus":"https:\/\/schema.org\/EventScheduled","startDate":"2023-07-17T17:30:00+02:00","endDate":"2023-07-17T18:30:00+02:00","performer":"Organization"}}