{"id":1689,"global_id":"kulturinitiative-melk.at?id=1689","global_id_lineage":["kulturinitiative-melk.at?id=1689"],"author":"1","status":"publish","date":"2023-05-23 08:23:31","date_utc":"2023-05-23 06:23:31","modified":"2023-05-23 10:47:06","modified_utc":"2023-05-23 08:47:06","url":"https:\/\/kulturinitiative-melk.at\/?tribe_events=kim-cafe-2","rest_url":"https:\/\/kulturinitiative-melk.at\/index.php?rest_route=\/tribe\/events\/v1\/events\/1689","title":"KIM-Caf\u00e9","description":"<p>KIM veranstaltet alle 2 Monate ein \u201eoffenes Jour fixe\u201c (*aka KIM-Caf\u00e9*).<br \/>\nWann: alle 2 Monate \u2013 Samstags ab 9:00 in einem wechselnden Lokal in Melk.<\/p>\n<p>Dabei freuen wir uns auf Gespr\u00e4che mit Vereinsmitgliedern, aber auch auf einen Austausch mit KIM-Interessierten, die wir so in lockerer Atmosph\u00e4re kennenlernen d\u00fcrfen.<br \/>\nEine gute Gelegenheit, f\u00fcr Gespr\u00e4che \u00fcber das Kulturleben in Melk, \u00fcber die Aktivit\u00e4ten von KIM und das Einbringen von Ideen.<\/p>\n<p>Im September sind wir im Wachauerhof Melk.<\/p>\n<p><a href=\"https:\/\/www.google.com\/maps\/place\/Wachauerhof\/@48.2277012,15.3351855,15z\/data=!4m2!3m1!1s0x0:0x93b22b03f5677602?sa=X&amp;ved=2ahUKEwjO1KTN5or_AhUD7KQKHY-6D5UQ_BJ6BAhZEAc\">https:\/\/www.google.com\/maps\/place\/Wachauerhof\/@48.2277012,15.3351855,15z\/data=!4m2!3m1!1s0x0:0x93b22b03f5677602?sa=X&amp;ved=2ahUKEwjO1KTN5or_AhUD7KQKHY-6D5UQ_BJ6BAhZEAc<\/a><\/p>","excerpt":"","slug":"kim-cafe-2","image":false,"all_day":false,"start_date":"2023-09-16 09:00:00","start_date_details":{"year":"2023","month":"09","day":"16","hour":"09","minutes":"00","seconds":"00"},"end_date":"2023-09-16 10:30:00","end_date_details":{"year":"2023","month":"09","day":"16","hour":"10","minutes":"30","seconds":"00"},"utc_start_date":"2023-09-16 07:00:00","utc_start_date_details":{"year":"2023","month":"09","day":"16","hour":"07","minutes":"00","seconds":"00"},"utc_end_date":"2023-09-16 08:30:00","utc_end_date_details":{"year":"2023","month":"09","day":"16","hour":"08","minutes":"30","seconds":"00"},"timezone":"Europe\/Vienna","timezone_abbr":"CEST","cost":"","cost_details":{"currency_symbol":"","currency_code":"","currency_position":"prefix","values":[]},"website":"https:\/\/www.google.com\/maps\/place\/Wachauerhof\/@48.2277012,15.3351855,15z\/data=!4m2!3m1!1s0x0:0x93b22b03f5677602?sa=X&amp;ved=2ahUKEwjO1KTN5or_AhUD7KQKHY-6D5UQ_BJ6BAhZEAc","show_map":true,"show_map_link":true,"hide_from_listings":false,"sticky":false,"featured":false,"categories":[],"tags":[],"venue":{"id":1713,"author":"3","status":"publish","date":"2023-05-23 10:47:06","date_utc":"2023-05-23 08:47:06","modified":"2023-05-23 10:47:06","modified_utc":"2023-05-23 08:47:06","url":"https:\/\/kulturinitiative-melk.at\/?tribe_venue=wachauerhof-melk","venue":"Wachauerhof Melk.","slug":"wachauerhof-melk","json_ld":{"@type":"Place","name":"Wachauerhof Melk.","description":"","url":"","address":{"@type":"PostalAddress"},"telephone":"","sameAs":""},"show_map":true,"show_map_link":true,"global_id":"kulturinitiative-melk.at?id=1713","global_id_lineage":["kulturinitiative-melk.at?id=1713"]},"organizer":[],"json_ld":{"@context":"http:\/\/schema.org","@type":"Event","name":"KIM-Caf\u00e9","description":"&lt;p&gt;KIM veranstaltet alle 2 Monate ein \u201eoffenes Jour fixe\u201c (*aka KIM-Caf\u00e9*). Wann: alle 2 Monate \u2013 Samstags ab 9:00 in einem wechselnden Lokal in Melk. Dabei freuen wir uns auf Gespr\u00e4che mit Vereinsmitgliedern, aber auch auf einen Austausch mit KIM-Interessierten, die wir so in lockerer Atmosph\u00e4re kennenlernen d\u00fcrfen. Eine gute...&lt;\/p&gt;\\n","url":"https:\/\/kulturinitiative-melk.at\/?tribe_events=kim-cafe-2","eventAttendanceMode":"https:\/\/schema.org\/OfflineEventAttendanceMode","eventStatus":"https:\/\/schema.org\/EventScheduled","startDate":"2023-09-16T09:00:00+02:00","endDate":"2023-09-16T10:30:00+02:00","location":{"@type":"Place","name":"Wachauerhof Melk.","description":"","url":"","address":{"@type":"PostalAddress"},"telephone":"","sameAs":""},"performer":"Organization"}}