{"id":1684,"global_id":"kulturinitiative-melk.at?id=1684","global_id_lineage":["kulturinitiative-melk.at?id=1684"],"author":"1","status":"publish","date":"2023-05-23 08:19:33","date_utc":"2023-05-23 06:19:33","modified":"2023-05-23 10:46:34","modified_utc":"2023-05-23 08:46:34","url":"https:\/\/kulturinitiative-melk.at\/?tribe_events=kim-cafe","rest_url":"https:\/\/kulturinitiative-melk.at\/index.php?rest_route=\/tribe\/events\/v1\/events\/1684","title":"KIM-Caf\u00e9","description":"<p>KIM veranstaltet alle 2 Monate ein \u201eoffenes Jour fixe\u201c (*aka KIM-Caf\u00e9*).<\/p>\n<p>Wann: alle 2 Monate \u2013 Samstags ab 9:00 in einem wechselnden Lokal in Melk.<\/p>\n<p>&nbsp;<\/p>\n<p>Dabei freuen wir uns auf Gespr\u00e4che mit Vereinsmitgliedern, aber auch auf einen Austausch mit KIM-Interessierten, die wir so in lockerer Atmosph\u00e4re kennenlernen d\u00fcrfen.<\/p>\n<p>Eine gute Gelegenheit, f\u00fcr Gespr\u00e4che \u00fcber das Kulturleben in Melk, \u00fcber die Aktivit\u00e4ten von KIM und das Einbringen von Ideen.<\/p>\n<p>&nbsp;<\/p>\n<p>Im Juli sind wir im Stiftsrestaurant Melk.<\/p>\n<p><a href=\"https:\/\/www.google.com\/maps\/place\/Stifts-Restaurant\/@48.2286026,15.3346623,15z\/data=!4m6!3m5!1s0x477264473c3f404d:0xba39b9af390e798!8m2!3d48.2286026!4d15.3346623!16s%2Fg%2F1xfsmkcj\">https:\/\/www.google.com\/maps\/place\/Stifts-Restaurant\/@48.2286026,15.3346623,15z\/data=!4m6!3m5!1s0x477264473c3f404d:0xba39b9af390e798!8m2!3d48.2286026!4d15.3346623!16s%2Fg%2F1xfsmkcj<\/a><\/p>\n<p>&nbsp;<\/p>","excerpt":"","slug":"kim-cafe","image":false,"all_day":false,"start_date":"2023-07-15 09:00:00","start_date_details":{"year":"2023","month":"07","day":"15","hour":"09","minutes":"00","seconds":"00"},"end_date":"2023-07-15 10:30:00","end_date_details":{"year":"2023","month":"07","day":"15","hour":"10","minutes":"30","seconds":"00"},"utc_start_date":"2023-07-15 07:00:00","utc_start_date_details":{"year":"2023","month":"07","day":"15","hour":"07","minutes":"00","seconds":"00"},"utc_end_date":"2023-07-15 08:30:00","utc_end_date_details":{"year":"2023","month":"07","day":"15","hour":"08","minutes":"30","seconds":"00"},"timezone":"Europe\/Vienna","timezone_abbr":"CEST","cost":"","cost_details":{"currency_symbol":"","currency_code":"","currency_position":"prefix","values":[]},"website":"https:\/\/www.google.com\/maps\/place\/Stifts-Restaurant\/@48.2286026,15.3346623,15z\/data=!4m6!3m5!1s0x477264473c3f404d:0xba39b9af390e798!8m2!3d48.2286026!4d15.3346623!16s%2Fg%2F1xfsmkcj","show_map":true,"show_map_link":true,"hide_from_listings":false,"sticky":false,"featured":false,"categories":[],"tags":[],"venue":{"id":1712,"author":"3","status":"publish","date":"2023-05-23 10:46:34","date_utc":"2023-05-23 08:46:34","modified":"2023-05-23 10:46:34","modified_utc":"2023-05-23 08:46:34","url":"https:\/\/kulturinitiative-melk.at\/?tribe_venue=stiftsrestaurant-melk","venue":"Stiftsrestaurant Melk","slug":"stiftsrestaurant-melk","json_ld":{"@type":"Place","name":"Stiftsrestaurant Melk","description":"","url":"","address":{"@type":"PostalAddress"},"telephone":"","sameAs":""},"show_map":true,"show_map_link":true,"global_id":"kulturinitiative-melk.at?id=1712","global_id_lineage":["kulturinitiative-melk.at?id=1712"]},"organizer":[],"json_ld":{"@context":"http:\/\/schema.org","@type":"Event","name":"KIM-Caf\u00e9","description":"&lt;p&gt;KIM veranstaltet alle 2 Monate ein \u201eoffenes Jour fixe\u201c (*aka KIM-Caf\u00e9*). Wann: alle 2 Monate \u2013 Samstags ab 9:00 in einem wechselnden Lokal in Melk. &nbsp; Dabei freuen wir uns auf Gespr\u00e4che mit Vereinsmitgliedern, aber auch auf einen Austausch mit KIM-Interessierten, die wir so in lockerer Atmosph\u00e4re kennenlernen d\u00fcrfen. Eine...&lt;\/p&gt;\\n","url":"https:\/\/kulturinitiative-melk.at\/?tribe_events=kim-cafe","eventAttendanceMode":"https:\/\/schema.org\/OfflineEventAttendanceMode","eventStatus":"https:\/\/schema.org\/EventScheduled","startDate":"2023-07-15T09:00:00+02:00","endDate":"2023-07-15T10:30:00+02:00","location":{"@type":"Place","name":"Stiftsrestaurant Melk","description":"","url":"","address":{"@type":"PostalAddress"},"telephone":"","sameAs":""},"performer":"Organization"}}