{"id":1479,"global_id":"kulturinitiative-melk.at?id=1479","global_id_lineage":["kulturinitiative-melk.at?id=1479"],"author":"1","status":"publish","date":"2023-04-12 18:57:34","date_utc":"2023-04-12 16:57:34","modified":"2023-05-18 11:55:53","modified_utc":"2023-05-18 09:55:53","url":"https:\/\/kulturinitiative-melk.at\/?tribe_events=kim-kaffee","rest_url":"https:\/\/kulturinitiative-melk.at\/index.php?rest_route=\/tribe\/events\/v1\/events\/1479","title":"KIM &#8211; Caf\u00e9","description":"<p class=\"yiv4733032208MsoNormal\"><span lang=\"DE\">KIM veranstaltet alle 2 Monate ein \u201eoffenes Jour fixe\u201c (*aka KIM-Caf\u00e9*).<\/span><\/p>\n<p class=\"yiv4733032208MsoNormal\"><span lang=\"DE\">Wann: alle 2 Monate &#8211; Samstags ab 9:00 im Caf\u00e9 Madar am Rathausplatz<\/span><\/p>\n<p class=\"yiv4733032208MsoNormal\"><span lang=\"DE\">\u00a0<\/span><\/p>\n<p class=\"yiv4733032208MsoNormal\"><span lang=\"DE\">Dabei freuen wir uns auf Gespr\u00e4che mit Vereinsmitgliedern, aber auch auf einen Austausch mit \u00a0KIM-Interessierten, die wir so in lockerer Atmosph\u00e4re kennenlernen d\u00fcrfen.<\/span><\/p>\n<p class=\"yiv4733032208MsoNormal\"><span lang=\"DE\">Eine gute Gelegenheit, f\u00fcr Gespr\u00e4che \u00fcber das Kulturleben in Melk, \u00fcber die Aktivit\u00e4ten von KIM und das Einbringen von Ideen.<\/span><\/p>","excerpt":"","slug":"kim-kaffee","image":false,"all_day":false,"start_date":"2023-05-20 09:00:00","start_date_details":{"year":"2023","month":"05","day":"20","hour":"09","minutes":"00","seconds":"00"},"end_date":"2023-05-20 10:30:00","end_date_details":{"year":"2023","month":"05","day":"20","hour":"10","minutes":"30","seconds":"00"},"utc_start_date":"2023-05-20 07:00:00","utc_start_date_details":{"year":"2023","month":"05","day":"20","hour":"07","minutes":"00","seconds":"00"},"utc_end_date":"2023-05-20 08:30:00","utc_end_date_details":{"year":"2023","month":"05","day":"20","hour":"08","minutes":"30","seconds":"00"},"timezone":"Europe\/Vienna","timezone_abbr":"CEST","cost":"","cost_details":{"currency_symbol":"","currency_code":"","currency_position":"prefix","values":[]},"website":"","show_map":true,"show_map_link":true,"hide_from_listings":false,"sticky":false,"featured":false,"categories":[{"name":"KIM-\u00f6ffentlich","slug":"kim-oeffentlich","term_group":0,"term_taxonomy_id":25,"taxonomy":"tribe_events_cat","description":"","parent":0,"count":21,"filter":"raw","id":25,"urls":{"self":"https:\/\/kulturinitiative-melk.at\/index.php?rest_route=\/tribe\/events\/v1\/categories\/25","collection":"https:\/\/kulturinitiative-melk.at\/index.php?rest_route=\/tribe\/events\/v1\/categories"}}],"tags":[],"venue":{"id":1481,"author":"1","status":"publish","date":"2023-04-12 18:56:41","date_utc":"2023-04-12 16:56:41","modified":"2023-04-12 18:56:41","modified_utc":"2023-04-12 16:56:41","url":"https:\/\/kulturinitiative-melk.at\/?tribe_venue=cafe-madar-zum-fuersten","venue":"Cafe Madar \u201eZum F\u00fcrsten\u201c","slug":"cafe-madar-zum-fuersten","address":"Rathausplatz 3","city":"Melk","country":"\u00d6sterreich","province":"Nieder\u00f6sterreich","zip":"3390","website":"https:\/\/www.kaffeehaustradition.at\/de\/Kaffeehaeuser_Cafe_zum_Fuersten_Melk.htm","stateprovince":"Nieder\u00f6sterreich","json_ld":{"@type":"Place","name":"Cafe Madar \u201eZum F\u00fcrsten\u201c","description":"","url":"","address":{"@type":"PostalAddress","streetAddress":"Rathausplatz 3","addressLocality":"Melk","addressRegion":"Nieder\u00f6sterreich","postalCode":"3390","addressCountry":"\u00d6sterreich"},"telephone":"","sameAs":"https:\/\/www.kaffeehaustradition.at\/de\/Kaffeehaeuser_Cafe_zum_Fuersten_Melk.htm"},"show_map":true,"show_map_link":true,"global_id":"kulturinitiative-melk.at?id=1481","global_id_lineage":["kulturinitiative-melk.at?id=1481"]},"organizer":[{"id":1417,"author":"1","status":"publish","date":"2023-04-08 09:15:57","date_utc":"2023-04-08 07:15:57","modified":"2023-04-08 09:15:57","modified_utc":"2023-04-08 07:15:57","url":"https:\/\/kulturinitiative-melk.at\/?tribe_organizer=kim","organizer":"KIM","slug":"kim","json_ld":{"@type":"Person","name":"KIM","description":"","url":"","telephone":"","email":"","sameAs":""},"global_id":"kulturinitiative-melk.at?id=1417","global_id_lineage":["kulturinitiative-melk.at?id=1417"]}],"json_ld":{"@context":"http:\/\/schema.org","@type":"Event","name":"KIM &#8211; Caf\u00e9","description":"&lt;p&gt;KIM veranstaltet alle 2 Monate ein \u201eoffenes Jour fixe\u201c (*aka KIM-Caf\u00e9*). Wann: alle 2 Monate - Samstags ab 9:00 im Caf\u00e9 Madar am Rathausplatz \u00a0 Dabei freuen wir uns auf Gespr\u00e4che mit Vereinsmitgliedern, aber auch auf einen Austausch mit \u00a0KIM-Interessierten, die wir so in lockerer Atmosph\u00e4re kennenlernen d\u00fcrfen. Eine gute...&lt;\/p&gt;\\n","url":"https:\/\/kulturinitiative-melk.at\/?tribe_events=kim-kaffee","eventAttendanceMode":"https:\/\/schema.org\/OfflineEventAttendanceMode","eventStatus":"https:\/\/schema.org\/EventScheduled","startDate":"2023-05-20T09:00:00+02:00","endDate":"2023-05-20T10:30:00+02:00","location":{"@type":"Place","name":"Cafe Madar \u201eZum F\u00fcrsten\u201c","description":"","url":"","address":{"@type":"PostalAddress","streetAddress":"Rathausplatz 3","addressLocality":"Melk","addressRegion":"Nieder\u00f6sterreich","postalCode":"3390","addressCountry":"\u00d6sterreich"},"telephone":"","sameAs":"https:\/\/www.kaffeehaustradition.at\/de\/Kaffeehaeuser_Cafe_zum_Fuersten_Melk.htm"},"organizer":{"@type":"Person","name":"KIM","description":"","url":"","telephone":"","email":"","sameAs":""},"performer":"Organization"}}